{"id":952,"date":"2019-05-05T11:42:51","date_gmt":"2019-05-05T11:42:51","guid":{"rendered":"http:\/\/bewegung-in-balance.de\/?p=952"},"modified":"2019-05-06T06:06:04","modified_gmt":"2019-05-06T06:06:04","slug":"aktuelles-diese-woche","status":"publish","type":"post","link":"https:\/\/bewegung-in-balance.de\/?p=952","title":{"rendered":"Aktuelles diese Woche"},"content":{"rendered":"\n<p>Diese Woche gibt es gleich am <strong><em>Montag fr\u00fch um 9:00 Uhr<\/em><\/strong> freies Training.<br>Jeanette und Claudia werden da sein und Ihr d\u00fcrft selbst entscheiden, was trainiert wird!<\/p>\n\n\n\n<p>Am <strong><em>Dienstag<\/em><\/strong> gibt es Langhantel-Maximal, f\u00fcr maximalen Muskelkater!<\/p>\n\n\n\n<p>Am <strong><em>Donnerstag<\/em><\/strong> gibt&#8217;s bei mir zu Hause di x-te Dienstreise in diesem Jahr und <del>ich suche noch Vertretungswillige<\/del>! Langhantel mit Catharina. Meldet sich noch jemand f\u00fcr&#8217;s Yoga?<\/p>\n\n\n\n<p>Am <strong><em>Samstag<\/em><\/strong> findet eigentlich ganz normal F.I.R.E. statt, aber da wir letzten Samstag vergessen haben, da\u00df eigentlich Coreboard sein sollte, k\u00f6nnten wir uns f\u00fcr diesen Samstag noch umentscheiden. Gibt es ein Meinungsbild? <br>Und schon als Ausblick, am Samstag danach, den 18.5., mu\u00df ich arbeiten und werde nicht beim Sport sein k\u00f6nnen.<\/p>\n\n\n\n<p>Schau in den <a href=\"https:\/\/bewegung-in-balance.de\/?page_id=20\">Plan<\/a>.<\/p>\n\n\n\n<p>Sportliche Gr\u00fc\u00dfe,<br>Rebecca<\/p>\n","protected":false},"excerpt":{"rendered":"<p>Diese Woche gibt es gleich am Montag fr\u00fch um 9:00 Uhr freies Training.Jeanette und Claudia werden da sein und Ihr d\u00fcrft selbst entscheiden, was trainiert wird! Am Dienstag gibt es Langhantel-Maximal, f\u00fcr maximalen Muskelkater! Am Donnerstag gibt&#8217;s bei mir zu Hause di x-te Dienstreise in diesem Jahr und ich suche noch Vertretungswillige! Langhantel mit Catharina. &hellip; <a href=\"https:\/\/bewegung-in-balance.de\/?p=952\" class=\"more-link\"><span class=\"screen-reader-text\">\u201eAktuelles diese Woche\u201c <\/span>weiterlesen<\/a><\/p>\n","protected":false},"author":1,"featured_media":0,"comment_status":"open","ping_status":"open","sticky":false,"template":"","format":"standard","meta":{"_s2mail":"","footnotes":""},"categories":[1],"tags":[],"class_list":["post-952","post","type-post","status-publish","format-standard","hentry","category-sonstiges"],"_links":{"self":[{"href":"https:\/\/bewegung-in-balance.de\/index.php?rest_route=\/wp\/v2\/posts\/952","targetHints":{"allow":["GET"]}}],"collection":[{"href":"https:\/\/bewegung-in-balance.de\/index.php?rest_route=\/wp\/v2\/posts"}],"about":[{"href":"https:\/\/bewegung-in-balance.de\/index.php?rest_route=\/wp\/v2\/types\/post"}],"author":[{"embeddable":true,"href":"https:\/\/bewegung-in-balance.de\/index.php?rest_route=\/wp\/v2\/users\/1"}],"replies":[{"embeddable":true,"href":"https:\/\/bewegung-in-balance.de\/index.php?rest_route=%2Fwp%2Fv2%2Fcomments&post=952"}],"version-history":[{"count":2,"href":"https:\/\/bewegung-in-balance.de\/index.php?rest_route=\/wp\/v2\/posts\/952\/revisions"}],"predecessor-version":[{"id":955,"href":"https:\/\/bewegung-in-balance.de\/index.php?rest_route=\/wp\/v2\/posts\/952\/revisions\/955"}],"wp:attachment":[{"href":"https:\/\/bewegung-in-balance.de\/index.php?rest_route=%2Fwp%2Fv2%2Fmedia&parent=952"}],"wp:term":[{"taxonomy":"category","embeddable":true,"href":"https:\/\/bewegung-in-balance.de\/index.php?rest_route=%2Fwp%2Fv2%2Fcategories&post=952"},{"taxonomy":"post_tag","embeddable":true,"href":"https:\/\/bewegung-in-balance.de\/index.php?rest_route=%2Fwp%2Fv2%2Ftags&post=952"}],"curies":[{"name":"wp","href":"https:\/\/api.w.org\/{rel}","templated":true}]}}