{"id":634,"date":"2018-12-30T08:54:30","date_gmt":"2018-12-30T08:54:30","guid":{"rendered":"http:\/\/bewegung-in-balance.de\/?p=634"},"modified":"2018-12-30T08:54:31","modified_gmt":"2018-12-30T08:54:31","slug":"nachtrag","status":"publish","type":"post","link":"https:\/\/bewegung-in-balance.de\/?p=634","title":{"rendered":"Nachtrag &#8230;"},"content":{"rendered":"\n<p>&#8230; angesto\u00dfen wird im Vereinsheim traditionell am 31.12.18!<br>Und auch wenn Ihr nur f\u00fcr ein Glas Sekt bleibt, wir freuen uns!<\/p>\n\n\n\n<p>Sportliche Gr\u00fc\u00dfe,<br>Rebecca<\/p>\n","protected":false},"excerpt":{"rendered":"<p>&#8230; angesto\u00dfen wird im Vereinsheim traditionell am 31.12.18!Und auch wenn Ihr nur f\u00fcr ein Glas Sekt bleibt, wir freuen uns! Sportliche Gr\u00fc\u00dfe,Rebecca<\/p>\n","protected":false},"author":1,"featured_media":0,"comment_status":"open","ping_status":"open","sticky":false,"template":"","format":"standard","meta":{"_s2mail":"yes","footnotes":""},"categories":[1],"tags":[],"class_list":["post-634","post","type-post","status-publish","format-standard","hentry","category-sonstiges"],"_links":{"self":[{"href":"https:\/\/bewegung-in-balance.de\/index.php?rest_route=\/wp\/v2\/posts\/634","targetHints":{"allow":["GET"]}}],"collection":[{"href":"https:\/\/bewegung-in-balance.de\/index.php?rest_route=\/wp\/v2\/posts"}],"about":[{"href":"https:\/\/bewegung-in-balance.de\/index.php?rest_route=\/wp\/v2\/types\/post"}],"author":[{"embeddable":true,"href":"https:\/\/bewegung-in-balance.de\/index.php?rest_route=\/wp\/v2\/users\/1"}],"replies":[{"embeddable":true,"href":"https:\/\/bewegung-in-balance.de\/index.php?rest_route=%2Fwp%2Fv2%2Fcomments&post=634"}],"version-history":[{"count":1,"href":"https:\/\/bewegung-in-balance.de\/index.php?rest_route=\/wp\/v2\/posts\/634\/revisions"}],"predecessor-version":[{"id":635,"href":"https:\/\/bewegung-in-balance.de\/index.php?rest_route=\/wp\/v2\/posts\/634\/revisions\/635"}],"wp:attachment":[{"href":"https:\/\/bewegung-in-balance.de\/index.php?rest_route=%2Fwp%2Fv2%2Fmedia&parent=634"}],"wp:term":[{"taxonomy":"category","embeddable":true,"href":"https:\/\/bewegung-in-balance.de\/index.php?rest_route=%2Fwp%2Fv2%2Fcategories&post=634"},{"taxonomy":"post_tag","embeddable":true,"href":"https:\/\/bewegung-in-balance.de\/index.php?rest_route=%2Fwp%2Fv2%2Ftags&post=634"}],"curies":[{"name":"wp","href":"https:\/\/api.w.org\/{rel}","templated":true}]}}