{"id":598,"date":"2018-12-17T14:21:52","date_gmt":"2018-12-17T14:21:52","guid":{"rendered":"http:\/\/bewegung-in-balance.de\/?p=598"},"modified":"2018-12-17T14:21:54","modified_gmt":"2018-12-17T14:21:54","slug":"vorweihnachtliche-plaene","status":"publish","type":"post","link":"https:\/\/bewegung-in-balance.de\/?p=598","title":{"rendered":"Vorweihnachtliche Pl\u00e4ne &#8230;"},"content":{"rendered":"\n<p>Diese Woche haben ja fast alle noch ganz viel oder auch ganz wenig vor.<br>So auch ich!<\/p>\n\n\n\n<p>Am Dienstag z.B. haben wir noch einen letzten Familienausflug zum Zahnarzt in diesem Jahr geplant. Man sieht sich ja so selten \ud83d\ude42<br>Und am Donnerstag mu\u00df ich unbedingt zum Bieryoga! Ich hoffe doch Ihr auch?! Am Freitag bin ich dann beim lebendigen Adventskalender in Krummen\/Sommerfeld.&nbsp;<\/p>\n\n\n\n<p>Aber am Montag und Mittwoch, da geh ich mal ausnahmsweise zum Sport und hoffe ganz viele von Euch zu treffen!<\/p>\n\n\n\n<p>Schaut doch bitte in den aktuellen <a href=\"https:\/\/bewegung-in-balance.de\/?page_id=20\">Plan<\/a> und wer m\u00f6chte, der tr\u00e4gt sich gern noch f\u00fcr einen Kurs ein.<\/p>\n\n\n\n<p> und wer m\u00f6chte, der tr\u00e4gt sich gern noch f\u00fcr einen Kurs ein.<\/p>\n\n\n\n<p>Ob ich am Samstag komme, das h\u00e4ngt ein wenig von der Geschenkeproduktionssituation ab. Wenn alles fertig ist, dann komme ich gern!<\/p>\n\n\n\n<p>F\u00fcr die Woche zwischen Weihnachten und Neujahr gibt es dann wieder einen neuen Plan.<\/p>\n\n\n\n<p>Vielen Dank \u00fcbrigens nochmal an Sandra, die den wunderbaren Montags-Morgens-Yoga-Kurs angeboten hat. Schade, da\u00df Du erstmal nicht so weiter machen kannst.&nbsp;<\/p>\n\n\n\n<p>Tja, und dann noch ein Aufruf zum <strong>Bieryoga<\/strong>!<br>Ihr seid wie immer alle gern gesehen, mit und ohne Freunde.<br>Mitzubringen sind zwei Flaschen Bier oder Bier-Alternativen.\u00a0<br>Gl\u00fchwein wird es vor Ort geben, dank einer gro\u00dfz\u00fcgigen Spende von Morten und Marie! Was wir noch brauchen, das w\u00e4re jemand, der den Gl\u00fchwein betreut und verabreicht.\u00a0<br>Ja, und dann w\u00e4re es eigentlich auch ganz sch\u00f6n, wenn wieder jemand Fotos schie\u00dfen k\u00f6nnte, f\u00fcr so denkw\u00fcrdige Bilder wie diese hier &#8230;<\/p>\n\n\n\n<figure class=\"wp-block-image\"><img loading=\"lazy\" decoding=\"async\" width=\"1024\" height=\"768\" src=\"http:\/\/bewegung-in-balance.de\/wp-content\/uploads\/2018\/12\/2017-12-21-48-1-1024x768.jpg\" alt=\"\" class=\"wp-image-602\" srcset=\"https:\/\/bewegung-in-balance.de\/wp-content\/uploads\/2018\/12\/2017-12-21-48-1-1024x768.jpg 1024w, https:\/\/bewegung-in-balance.de\/wp-content\/uploads\/2018\/12\/2017-12-21-48-1-300x225.jpg 300w, https:\/\/bewegung-in-balance.de\/wp-content\/uploads\/2018\/12\/2017-12-21-48-1-768x576.jpg 768w, https:\/\/bewegung-in-balance.de\/wp-content\/uploads\/2018\/12\/2017-12-21-48-1-1200x900.jpg 1200w\" sizes=\"auto, (max-width: 709px) 85vw, (max-width: 909px) 67vw, (max-width: 1362px) 62vw, 840px\" \/><figcaption>Bieryoga<\/figcaption><\/figure>\n\n\n\n<figure class=\"wp-block-image\"><img loading=\"lazy\" decoding=\"async\" width=\"1024\" height=\"683\" src=\"http:\/\/bewegung-in-balance.de\/wp-content\/uploads\/2018\/12\/2017-12-21-14-1024x683.jpg\" alt=\"\" class=\"wp-image-600\" srcset=\"https:\/\/bewegung-in-balance.de\/wp-content\/uploads\/2018\/12\/2017-12-21-14-1024x683.jpg 1024w, https:\/\/bewegung-in-balance.de\/wp-content\/uploads\/2018\/12\/2017-12-21-14-300x200.jpg 300w, https:\/\/bewegung-in-balance.de\/wp-content\/uploads\/2018\/12\/2017-12-21-14-768x512.jpg 768w, https:\/\/bewegung-in-balance.de\/wp-content\/uploads\/2018\/12\/2017-12-21-14-1200x800.jpg 1200w\" sizes=\"auto, (max-width: 709px) 85vw, (max-width: 909px) 67vw, (max-width: 1362px) 62vw, 840px\" \/><figcaption>Bieryoga<\/figcaption><\/figure>\n\n\n\n<figure class=\"wp-block-image\"><img loading=\"lazy\" decoding=\"async\" width=\"1024\" height=\"768\" src=\"http:\/\/bewegung-in-balance.de\/wp-content\/uploads\/2018\/12\/2017-12-21-55-1024x768.jpg\" alt=\"\" class=\"wp-image-603\" srcset=\"https:\/\/bewegung-in-balance.de\/wp-content\/uploads\/2018\/12\/2017-12-21-55-1024x768.jpg 1024w, https:\/\/bewegung-in-balance.de\/wp-content\/uploads\/2018\/12\/2017-12-21-55-300x225.jpg 300w, https:\/\/bewegung-in-balance.de\/wp-content\/uploads\/2018\/12\/2017-12-21-55-768x576.jpg 768w, https:\/\/bewegung-in-balance.de\/wp-content\/uploads\/2018\/12\/2017-12-21-55-1200x900.jpg 1200w\" sizes=\"auto, (max-width: 709px) 85vw, (max-width: 909px) 67vw, (max-width: 1362px) 62vw, 840px\" \/><figcaption>Bieryoga<\/figcaption><\/figure>\n\n\n\n<p>Bitte meldet Euch, wenn ihr eine dieser Aufgaben \u00fcbernehmen wollt!<\/p>\n\n\n\n<p>Ich freu mich auf Euch,<br>sportliche Gr\u00fc\u00dfe,<br>Rebecca<\/p>\n","protected":false},"excerpt":{"rendered":"<p>Diese Woche haben ja fast alle noch ganz viel oder auch ganz wenig vor.So auch ich! Am Dienstag z.B. haben wir noch einen letzten Familienausflug zum Zahnarzt in diesem Jahr geplant. Man sieht sich ja so selten \ud83d\ude42Und am Donnerstag mu\u00df ich unbedingt zum Bieryoga! Ich hoffe doch Ihr auch?! Am Freitag bin ich dann &hellip; <a href=\"https:\/\/bewegung-in-balance.de\/?p=598\" class=\"more-link\"><span class=\"screen-reader-text\">\u201eVorweihnachtliche Pl\u00e4ne &#8230;\u201c <\/span>weiterlesen<\/a><\/p>\n","protected":false},"author":1,"featured_media":0,"comment_status":"open","ping_status":"open","sticky":false,"template":"","format":"standard","meta":{"_s2mail":"yes","footnotes":""},"categories":[1],"tags":[],"class_list":["post-598","post","type-post","status-publish","format-standard","hentry","category-sonstiges"],"_links":{"self":[{"href":"https:\/\/bewegung-in-balance.de\/index.php?rest_route=\/wp\/v2\/posts\/598","targetHints":{"allow":["GET"]}}],"collection":[{"href":"https:\/\/bewegung-in-balance.de\/index.php?rest_route=\/wp\/v2\/posts"}],"about":[{"href":"https:\/\/bewegung-in-balance.de\/index.php?rest_route=\/wp\/v2\/types\/post"}],"author":[{"embeddable":true,"href":"https:\/\/bewegung-in-balance.de\/index.php?rest_route=\/wp\/v2\/users\/1"}],"replies":[{"embeddable":true,"href":"https:\/\/bewegung-in-balance.de\/index.php?rest_route=%2Fwp%2Fv2%2Fcomments&post=598"}],"version-history":[{"count":2,"href":"https:\/\/bewegung-in-balance.de\/index.php?rest_route=\/wp\/v2\/posts\/598\/revisions"}],"predecessor-version":[{"id":604,"href":"https:\/\/bewegung-in-balance.de\/index.php?rest_route=\/wp\/v2\/posts\/598\/revisions\/604"}],"wp:attachment":[{"href":"https:\/\/bewegung-in-balance.de\/index.php?rest_route=%2Fwp%2Fv2%2Fmedia&parent=598"}],"wp:term":[{"taxonomy":"category","embeddable":true,"href":"https:\/\/bewegung-in-balance.de\/index.php?rest_route=%2Fwp%2Fv2%2Fcategories&post=598"},{"taxonomy":"post_tag","embeddable":true,"href":"https:\/\/bewegung-in-balance.de\/index.php?rest_route=%2Fwp%2Fv2%2Ftags&post=598"}],"curies":[{"name":"wp","href":"https:\/\/api.w.org\/{rel}","templated":true}]}}