{"id":579,"date":"2018-12-07T15:10:09","date_gmt":"2018-12-07T15:10:09","guid":{"rendered":"http:\/\/bewegung-in-balance.de\/?p=579"},"modified":"2018-12-07T15:10:09","modified_gmt":"2018-12-07T15:10:09","slug":"morgen-am-8-12-18-leider-kein-sport","status":"publish","type":"post","link":"https:\/\/bewegung-in-balance.de\/?p=579","title":{"rendered":"Morgen, am 8.12.18 leider kein Sport!"},"content":{"rendered":"<p>Aus Gr\u00fcnden.<\/p>\n<p>Sportliche Gr\u00fc\u00dfe,<br \/>\nbis zur n\u00e4chsten Woche, wo bisher alles &#8220;normal&#8221; aussieht,<br \/>\nRebecca<\/p>\n<p>Ach ja, und noch kurz die Erinnerung an das kommende event:\u00a0<strong>BIER-YOGA<\/strong> und unser liebstes Foto vom letzten Jahr \ud83d\ude42<\/p>\n<figure id=\"attachment_581\" aria-describedby=\"caption-attachment-581\" style=\"width: 840px\" class=\"wp-caption aligncenter\"><img loading=\"lazy\" decoding=\"async\" class=\"size-large wp-image-581\" src=\"http:\/\/bewegung-in-balance.de\/wp-content\/uploads\/2018\/12\/2017-12-21-114-1024x768.jpg\" alt=\"\" width=\"840\" height=\"630\" srcset=\"https:\/\/bewegung-in-balance.de\/wp-content\/uploads\/2018\/12\/2017-12-21-114-1024x768.jpg 1024w, https:\/\/bewegung-in-balance.de\/wp-content\/uploads\/2018\/12\/2017-12-21-114-300x225.jpg 300w, https:\/\/bewegung-in-balance.de\/wp-content\/uploads\/2018\/12\/2017-12-21-114-768x576.jpg 768w, https:\/\/bewegung-in-balance.de\/wp-content\/uploads\/2018\/12\/2017-12-21-114-1200x900.jpg 1200w\" sizes=\"auto, (max-width: 709px) 85vw, (max-width: 909px) 67vw, (max-width: 1362px) 62vw, 840px\" \/><figcaption id=\"caption-attachment-581\" class=\"wp-caption-text\">Bier-Yoga<\/figcaption><\/figure>\n<p>Und noch ein paar Bilder, so zum Einstimmen \ud83d\ude42<\/p>\n<p><img loading=\"lazy\" decoding=\"async\" class=\"aligncenter size-large wp-image-584\" src=\"http:\/\/bewegung-in-balance.de\/wp-content\/uploads\/2018\/12\/2017-12-21-17-1024x683.jpg\" alt=\"Bier-Yoga\" width=\"840\" height=\"560\" srcset=\"https:\/\/bewegung-in-balance.de\/wp-content\/uploads\/2018\/12\/2017-12-21-17-1024x683.jpg 1024w, https:\/\/bewegung-in-balance.de\/wp-content\/uploads\/2018\/12\/2017-12-21-17-300x200.jpg 300w, https:\/\/bewegung-in-balance.de\/wp-content\/uploads\/2018\/12\/2017-12-21-17-768x512.jpg 768w, https:\/\/bewegung-in-balance.de\/wp-content\/uploads\/2018\/12\/2017-12-21-17-1200x800.jpg 1200w\" sizes=\"auto, (max-width: 709px) 85vw, (max-width: 909px) 67vw, (max-width: 1362px) 62vw, 840px\" \/><\/p>\n<figure id=\"attachment_583\" aria-describedby=\"caption-attachment-583\" style=\"width: 840px\" class=\"wp-caption aligncenter\"><img loading=\"lazy\" decoding=\"async\" class=\"size-large wp-image-583\" src=\"http:\/\/bewegung-in-balance.de\/wp-content\/uploads\/2018\/12\/2017-12-21-178-1024x768.jpg\" alt=\"\" width=\"840\" height=\"630\" srcset=\"https:\/\/bewegung-in-balance.de\/wp-content\/uploads\/2018\/12\/2017-12-21-178-1024x768.jpg 1024w, https:\/\/bewegung-in-balance.de\/wp-content\/uploads\/2018\/12\/2017-12-21-178-300x225.jpg 300w, https:\/\/bewegung-in-balance.de\/wp-content\/uploads\/2018\/12\/2017-12-21-178-768x576.jpg 768w, https:\/\/bewegung-in-balance.de\/wp-content\/uploads\/2018\/12\/2017-12-21-178-1200x900.jpg 1200w\" sizes=\"auto, (max-width: 709px) 85vw, (max-width: 909px) 67vw, (max-width: 1362px) 62vw, 840px\" \/><figcaption id=\"caption-attachment-583\" class=\"wp-caption-text\">Bier-Yoga<\/figcaption><\/figure>\n<p>Wollt Ihr noch mehr Bilder?!<\/p>\n<p>Sportliche Gr\u00fc\u00dfe,<br \/>\nRebecca<\/p>\n","protected":false},"excerpt":{"rendered":"<p>Aus Gr\u00fcnden. Sportliche Gr\u00fc\u00dfe, bis zur n\u00e4chsten Woche, wo bisher alles &#8220;normal&#8221; aussieht, Rebecca Ach ja, und noch kurz die Erinnerung an das kommende event:\u00a0BIER-YOGA und unser liebstes Foto vom letzten Jahr \ud83d\ude42 Und noch ein paar Bilder, so zum Einstimmen \ud83d\ude42 Wollt Ihr noch mehr Bilder?! Sportliche Gr\u00fc\u00dfe, Rebecca<\/p>\n","protected":false},"author":1,"featured_media":0,"comment_status":"open","ping_status":"open","sticky":false,"template":"","format":"standard","meta":{"_s2mail":"yes","footnotes":""},"categories":[1],"tags":[],"class_list":["post-579","post","type-post","status-publish","format-standard","hentry","category-sonstiges"],"_links":{"self":[{"href":"https:\/\/bewegung-in-balance.de\/index.php?rest_route=\/wp\/v2\/posts\/579","targetHints":{"allow":["GET"]}}],"collection":[{"href":"https:\/\/bewegung-in-balance.de\/index.php?rest_route=\/wp\/v2\/posts"}],"about":[{"href":"https:\/\/bewegung-in-balance.de\/index.php?rest_route=\/wp\/v2\/types\/post"}],"author":[{"embeddable":true,"href":"https:\/\/bewegung-in-balance.de\/index.php?rest_route=\/wp\/v2\/users\/1"}],"replies":[{"embeddable":true,"href":"https:\/\/bewegung-in-balance.de\/index.php?rest_route=%2Fwp%2Fv2%2Fcomments&post=579"}],"version-history":[{"count":3,"href":"https:\/\/bewegung-in-balance.de\/index.php?rest_route=\/wp\/v2\/posts\/579\/revisions"}],"predecessor-version":[{"id":585,"href":"https:\/\/bewegung-in-balance.de\/index.php?rest_route=\/wp\/v2\/posts\/579\/revisions\/585"}],"wp:attachment":[{"href":"https:\/\/bewegung-in-balance.de\/index.php?rest_route=%2Fwp%2Fv2%2Fmedia&parent=579"}],"wp:term":[{"taxonomy":"category","embeddable":true,"href":"https:\/\/bewegung-in-balance.de\/index.php?rest_route=%2Fwp%2Fv2%2Fcategories&post=579"},{"taxonomy":"post_tag","embeddable":true,"href":"https:\/\/bewegung-in-balance.de\/index.php?rest_route=%2Fwp%2Fv2%2Ftags&post=579"}],"curies":[{"name":"wp","href":"https:\/\/api.w.org\/{rel}","templated":true}]}}