{"id":480,"date":"2018-10-22T09:47:09","date_gmt":"2018-10-22T09:47:09","guid":{"rendered":"http:\/\/bewegung-in-balance.de\/?p=480"},"modified":"2018-10-22T09:47:09","modified_gmt":"2018-10-22T09:47:09","slug":"diese-woche-4","status":"publish","type":"post","link":"https:\/\/bewegung-in-balance.de\/?p=480","title":{"rendered":"Diese Woche &#8230;"},"content":{"rendered":"<p>&#8230; sind viele von uns in die Herbstferien gestartet.<\/p>\n<p>Ich werde mit meiner Familie ein verl\u00e4ngertes Wochenende in Frankfurt am Main verbringen und deshalb Donnerstag, Freitag und Samstag nicht im Verein sein. Wer m\u00f6chte vertreten?<\/p>\n<p><a href=\"http:\/\/bewegung-in-balance.de\/?page_id=20\">Aktueller Wochenplan<\/a><\/p>\n<p>Herzliche Gr\u00fc\u00dfe,<br \/>\nRebecca<\/p>\n","protected":false},"excerpt":{"rendered":"<p>&#8230; sind viele von uns in die Herbstferien gestartet. Ich werde mit meiner Familie ein verl\u00e4ngertes Wochenende in Frankfurt am Main verbringen und deshalb Donnerstag, Freitag und Samstag nicht im Verein sein. Wer m\u00f6chte vertreten? Aktueller Wochenplan Herzliche Gr\u00fc\u00dfe, Rebecca<\/p>\n","protected":false},"author":1,"featured_media":0,"comment_status":"open","ping_status":"open","sticky":false,"template":"","format":"standard","meta":{"_s2mail":"yes","footnotes":""},"categories":[1],"tags":[],"class_list":["post-480","post","type-post","status-publish","format-standard","hentry","category-sonstiges"],"_links":{"self":[{"href":"https:\/\/bewegung-in-balance.de\/index.php?rest_route=\/wp\/v2\/posts\/480","targetHints":{"allow":["GET"]}}],"collection":[{"href":"https:\/\/bewegung-in-balance.de\/index.php?rest_route=\/wp\/v2\/posts"}],"about":[{"href":"https:\/\/bewegung-in-balance.de\/index.php?rest_route=\/wp\/v2\/types\/post"}],"author":[{"embeddable":true,"href":"https:\/\/bewegung-in-balance.de\/index.php?rest_route=\/wp\/v2\/users\/1"}],"replies":[{"embeddable":true,"href":"https:\/\/bewegung-in-balance.de\/index.php?rest_route=%2Fwp%2Fv2%2Fcomments&post=480"}],"version-history":[{"count":1,"href":"https:\/\/bewegung-in-balance.de\/index.php?rest_route=\/wp\/v2\/posts\/480\/revisions"}],"predecessor-version":[{"id":481,"href":"https:\/\/bewegung-in-balance.de\/index.php?rest_route=\/wp\/v2\/posts\/480\/revisions\/481"}],"wp:attachment":[{"href":"https:\/\/bewegung-in-balance.de\/index.php?rest_route=%2Fwp%2Fv2%2Fmedia&parent=480"}],"wp:term":[{"taxonomy":"category","embeddable":true,"href":"https:\/\/bewegung-in-balance.de\/index.php?rest_route=%2Fwp%2Fv2%2Fcategories&post=480"},{"taxonomy":"post_tag","embeddable":true,"href":"https:\/\/bewegung-in-balance.de\/index.php?rest_route=%2Fwp%2Fv2%2Ftags&post=480"}],"curies":[{"name":"wp","href":"https:\/\/api.w.org\/{rel}","templated":true}]}}