{"id":429,"date":"2018-09-26T08:17:09","date_gmt":"2018-09-26T08:17:09","guid":{"rendered":"http:\/\/bewegung-in-balance.de\/?p=429"},"modified":"2018-09-26T08:17:09","modified_gmt":"2018-09-26T08:17:09","slug":"wie-versprochen","status":"publish","type":"post","link":"https:\/\/bewegung-in-balance.de\/?p=429","title":{"rendered":"Wie versprochen &#8230;"},"content":{"rendered":"<p>&#8230; endlich mal die Bilder von unserer letzten Vereinsfeier \ud83d\ude42<\/p>\n<p>Und ich sage schon mal an: Die n\u00e4chste kommt noch in diesem Jahr!!!<br \/>\nF\u00fcr Vorschl\u00e4ge ist der Vorstand immer dankbar &#8230;<\/p>\n<p><img loading=\"lazy\" decoding=\"async\" class=\"aligncenter size-full wp-image-426\" src=\"http:\/\/bewegung-in-balance.de\/wp-content\/uploads\/2018\/09\/DSC_0549.jpg\" alt=\"Nordend\" width=\"1000\" height=\"667\" srcset=\"https:\/\/bewegung-in-balance.de\/wp-content\/uploads\/2018\/09\/DSC_0549.jpg 1000w, https:\/\/bewegung-in-balance.de\/wp-content\/uploads\/2018\/09\/DSC_0549-300x200.jpg 300w, https:\/\/bewegung-in-balance.de\/wp-content\/uploads\/2018\/09\/DSC_0549-768x512.jpg 768w\" sizes=\"auto, (max-width: 709px) 85vw, (max-width: 909px) 67vw, (max-width: 1362px) 62vw, 840px\" \/><\/p>\n<p style=\"text-align: center;\">Na, ob das was wird?!<\/p>\n<p><img loading=\"lazy\" decoding=\"async\" class=\"aligncenter size-full wp-image-419\" src=\"http:\/\/bewegung-in-balance.de\/wp-content\/uploads\/2018\/09\/DSC_0368.jpg\" alt=\"\" width=\"1000\" height=\"667\" srcset=\"https:\/\/bewegung-in-balance.de\/wp-content\/uploads\/2018\/09\/DSC_0368.jpg 1000w, https:\/\/bewegung-in-balance.de\/wp-content\/uploads\/2018\/09\/DSC_0368-300x200.jpg 300w, https:\/\/bewegung-in-balance.de\/wp-content\/uploads\/2018\/09\/DSC_0368-768x512.jpg 768w\" sizes=\"auto, (max-width: 709px) 85vw, (max-width: 909px) 67vw, (max-width: 1362px) 62vw, 840px\" \/><\/p>\n<p style=\"text-align: center;\">Die Band mit Dr. Kramenke pers\u00f6nlich!<\/p>\n<p><img loading=\"lazy\" decoding=\"async\" class=\"aligncenter size-full wp-image-414\" src=\"http:\/\/bewegung-in-balance.de\/wp-content\/uploads\/2018\/09\/DSC_0291.jpg\" alt=\"\" width=\"1000\" height=\"667\" srcset=\"https:\/\/bewegung-in-balance.de\/wp-content\/uploads\/2018\/09\/DSC_0291.jpg 1000w, https:\/\/bewegung-in-balance.de\/wp-content\/uploads\/2018\/09\/DSC_0291-300x200.jpg 300w, https:\/\/bewegung-in-balance.de\/wp-content\/uploads\/2018\/09\/DSC_0291-768x512.jpg 768w\" sizes=\"auto, (max-width: 709px) 85vw, (max-width: 909px) 67vw, (max-width: 1362px) 62vw, 840px\" \/><\/p>\n<p style=\"text-align: center;\">Alte Herren k\u00f6nnen so toll sein :-I<\/p>\n<p><img loading=\"lazy\" decoding=\"async\" class=\"aligncenter size-full wp-image-399\" src=\"http:\/\/bewegung-in-balance.de\/wp-content\/uploads\/2018\/09\/DSC_0074.jpg\" alt=\"\" width=\"1000\" height=\"667\" srcset=\"https:\/\/bewegung-in-balance.de\/wp-content\/uploads\/2018\/09\/DSC_0074.jpg 1000w, https:\/\/bewegung-in-balance.de\/wp-content\/uploads\/2018\/09\/DSC_0074-300x200.jpg 300w, https:\/\/bewegung-in-balance.de\/wp-content\/uploads\/2018\/09\/DSC_0074-768x512.jpg 768w\" sizes=\"auto, (max-width: 709px) 85vw, (max-width: 909px) 67vw, (max-width: 1362px) 62vw, 840px\" \/><\/p>\n<p style=\"text-align: center;\">Mit Inbrunst &#8230;<\/p>\n<p style=\"text-align: center;\"><img loading=\"lazy\" decoding=\"async\" class=\"aligncenter size-full wp-image-398\" src=\"http:\/\/bewegung-in-balance.de\/wp-content\/uploads\/2018\/09\/DSC_0062.jpg\" alt=\"\" width=\"1000\" height=\"667\" srcset=\"https:\/\/bewegung-in-balance.de\/wp-content\/uploads\/2018\/09\/DSC_0062.jpg 1000w, https:\/\/bewegung-in-balance.de\/wp-content\/uploads\/2018\/09\/DSC_0062-300x200.jpg 300w, https:\/\/bewegung-in-balance.de\/wp-content\/uploads\/2018\/09\/DSC_0062-768x512.jpg 768w\" sizes=\"auto, (max-width: 709px) 85vw, (max-width: 909px) 67vw, (max-width: 1362px) 62vw, 840px\" \/><\/p>\n<p style=\"text-align: center;\">So sch\u00f6n \ud83d\ude42<\/p>\n<p><img loading=\"lazy\" decoding=\"async\" class=\"aligncenter size-full wp-image-428\" src=\"http:\/\/bewegung-in-balance.de\/wp-content\/uploads\/2018\/09\/DSC_0556.jpg\" alt=\"\" width=\"1000\" height=\"667\" srcset=\"https:\/\/bewegung-in-balance.de\/wp-content\/uploads\/2018\/09\/DSC_0556.jpg 1000w, https:\/\/bewegung-in-balance.de\/wp-content\/uploads\/2018\/09\/DSC_0556-300x200.jpg 300w, https:\/\/bewegung-in-balance.de\/wp-content\/uploads\/2018\/09\/DSC_0556-768x512.jpg 768w\" sizes=\"auto, (max-width: 709px) 85vw, (max-width: 909px) 67vw, (max-width: 1362px) 62vw, 840px\" \/><\/p>\n<p style=\"text-align: center;\">Da freut sich auch der Volker!<\/p>\n<p><img loading=\"lazy\" decoding=\"async\" class=\"aligncenter size-full wp-image-386\" src=\"http:\/\/bewegung-in-balance.de\/wp-content\/uploads\/2018\/09\/DSC_0004.jpg\" alt=\"\" width=\"667\" height=\"1000\" srcset=\"https:\/\/bewegung-in-balance.de\/wp-content\/uploads\/2018\/09\/DSC_0004.jpg 667w, https:\/\/bewegung-in-balance.de\/wp-content\/uploads\/2018\/09\/DSC_0004-200x300.jpg 200w\" sizes=\"auto, (max-width: 709px) 85vw, (max-width: 909px) 67vw, (max-width: 984px) 61vw, (max-width: 1362px) 45vw, 600px\" \/><\/p>\n<p style=\"text-align: center;\">Gearbeitet wird nat\u00fcrlich auch &#8230;<\/p>\n<p style=\"text-align: center;\"><img loading=\"lazy\" decoding=\"async\" class=\"aligncenter size-full wp-image-385\" src=\"http:\/\/bewegung-in-balance.de\/wp-content\/uploads\/2018\/09\/DSC_0009.jpg\" alt=\"\" width=\"667\" height=\"1000\" srcset=\"https:\/\/bewegung-in-balance.de\/wp-content\/uploads\/2018\/09\/DSC_0009.jpg 667w, https:\/\/bewegung-in-balance.de\/wp-content\/uploads\/2018\/09\/DSC_0009-200x300.jpg 200w\" sizes=\"auto, (max-width: 709px) 85vw, (max-width: 909px) 67vw, (max-width: 984px) 61vw, (max-width: 1362px) 45vw, 600px\" \/><\/p>\n<p style=\"text-align: center;\">So stolz und sch\u00f6n &#8230;<\/p>\n<p><img loading=\"lazy\" decoding=\"async\" class=\"aligncenter size-full wp-image-388\" src=\"http:\/\/bewegung-in-balance.de\/wp-content\/uploads\/2018\/09\/DSC_0010.jpg\" alt=\"\" width=\"634\" height=\"1000\" srcset=\"https:\/\/bewegung-in-balance.de\/wp-content\/uploads\/2018\/09\/DSC_0010.jpg 634w, https:\/\/bewegung-in-balance.de\/wp-content\/uploads\/2018\/09\/DSC_0010-190x300.jpg 190w\" sizes=\"auto, (max-width: 709px) 85vw, (max-width: 909px) 67vw, (max-width: 984px) 61vw, (max-width: 1362px) 45vw, 600px\" \/><\/p>\n<p style=\"text-align: center;\">Huch \ud83d\ude42<\/p>\n<p style=\"text-align: center;\"><img loading=\"lazy\" decoding=\"async\" class=\"aligncenter size-full wp-image-390\" src=\"http:\/\/bewegung-in-balance.de\/wp-content\/uploads\/2018\/09\/DSC_0016.jpg\" alt=\"\" width=\"667\" height=\"1000\" srcset=\"https:\/\/bewegung-in-balance.de\/wp-content\/uploads\/2018\/09\/DSC_0016.jpg 667w, https:\/\/bewegung-in-balance.de\/wp-content\/uploads\/2018\/09\/DSC_0016-200x300.jpg 200w\" sizes=\"auto, (max-width: 709px) 85vw, (max-width: 909px) 67vw, (max-width: 984px) 61vw, (max-width: 1362px) 45vw, 600px\" \/><\/p>\n<p style=\"text-align: center;\">Aber jetzt! Der Krieger!<\/p>\n<p style=\"text-align: center;\"><img loading=\"lazy\" decoding=\"async\" class=\"aligncenter size-full wp-image-394\" src=\"http:\/\/bewegung-in-balance.de\/wp-content\/uploads\/2018\/09\/DSC_0029.jpg\" alt=\"\" width=\"1000\" height=\"569\" srcset=\"https:\/\/bewegung-in-balance.de\/wp-content\/uploads\/2018\/09\/DSC_0029.jpg 1000w, https:\/\/bewegung-in-balance.de\/wp-content\/uploads\/2018\/09\/DSC_0029-300x171.jpg 300w, https:\/\/bewegung-in-balance.de\/wp-content\/uploads\/2018\/09\/DSC_0029-768x437.jpg 768w\" sizes=\"auto, (max-width: 709px) 85vw, (max-width: 909px) 67vw, (max-width: 1362px) 62vw, 840px\" \/><\/p>\n<p style=\"text-align: center;\">R\u00fcckbeuge &#8230; mehr und minder &#8230;<\/p>\n<p style=\"text-align: center;\"><img loading=\"lazy\" decoding=\"async\" class=\"aligncenter size-full wp-image-392\" src=\"http:\/\/bewegung-in-balance.de\/wp-content\/uploads\/2018\/09\/DSC_0023.jpg\" alt=\"\" width=\"1000\" height=\"667\" srcset=\"https:\/\/bewegung-in-balance.de\/wp-content\/uploads\/2018\/09\/DSC_0023.jpg 1000w, https:\/\/bewegung-in-balance.de\/wp-content\/uploads\/2018\/09\/DSC_0023-300x200.jpg 300w, https:\/\/bewegung-in-balance.de\/wp-content\/uploads\/2018\/09\/DSC_0023-768x512.jpg 768w\" sizes=\"auto, (max-width: 709px) 85vw, (max-width: 909px) 67vw, (max-width: 1362px) 62vw, 840px\" \/><\/p>\n<p style=\"text-align: center;\">Der Kafkaeske K\u00e4fer &#8230;<br \/>\nhabe ich \u00fcbrigens gleich mal im Duden nachgeschaut: &#8220;Ausgeliefertseins, etwa angesichts einer im Dunkeln\u00a0&#8230;&#8221;<br \/>\n<img loading=\"lazy\" decoding=\"async\" class=\"aligncenter size-full wp-image-393\" src=\"http:\/\/bewegung-in-balance.de\/wp-content\/uploads\/2018\/09\/DSC_0024.jpg\" alt=\"\" width=\"1000\" height=\"667\" srcset=\"https:\/\/bewegung-in-balance.de\/wp-content\/uploads\/2018\/09\/DSC_0024.jpg 1000w, https:\/\/bewegung-in-balance.de\/wp-content\/uploads\/2018\/09\/DSC_0024-300x200.jpg 300w, https:\/\/bewegung-in-balance.de\/wp-content\/uploads\/2018\/09\/DSC_0024-768x512.jpg 768w\" sizes=\"auto, (max-width: 709px) 85vw, (max-width: 909px) 67vw, (max-width: 1362px) 62vw, 840px\" \/><\/p>\n<p style=\"text-align: center;\">N\u00f6, sieht hier nicht so aus.<\/p>\n<p><img loading=\"lazy\" decoding=\"async\" class=\"aligncenter size-full wp-image-395\" src=\"http:\/\/bewegung-in-balance.de\/wp-content\/uploads\/2018\/09\/DSC_0033.jpg\" alt=\"\" width=\"1000\" height=\"667\" srcset=\"https:\/\/bewegung-in-balance.de\/wp-content\/uploads\/2018\/09\/DSC_0033.jpg 1000w, https:\/\/bewegung-in-balance.de\/wp-content\/uploads\/2018\/09\/DSC_0033-300x200.jpg 300w, https:\/\/bewegung-in-balance.de\/wp-content\/uploads\/2018\/09\/DSC_0033-768x512.jpg 768w\" sizes=\"auto, (max-width: 709px) 85vw, (max-width: 909px) 67vw, (max-width: 1362px) 62vw, 840px\" \/><\/p>\n<p style=\"text-align: center;\">Es kann immer noch schlimmer kommen.<\/p>\n<p><img loading=\"lazy\" decoding=\"async\" class=\"aligncenter size-full wp-image-422\" src=\"http:\/\/bewegung-in-balance.de\/wp-content\/uploads\/2018\/09\/DSC_0412.jpg\" alt=\"\" width=\"1000\" height=\"667\" srcset=\"https:\/\/bewegung-in-balance.de\/wp-content\/uploads\/2018\/09\/DSC_0412.jpg 1000w, https:\/\/bewegung-in-balance.de\/wp-content\/uploads\/2018\/09\/DSC_0412-300x200.jpg 300w, https:\/\/bewegung-in-balance.de\/wp-content\/uploads\/2018\/09\/DSC_0412-768x512.jpg 768w\" sizes=\"auto, (max-width: 709px) 85vw, (max-width: 909px) 67vw, (max-width: 1362px) 62vw, 840px\" \/><\/p>\n<p style=\"text-align: center;\">Ja, das denken wir auch.<\/p>\n<p style=\"text-align: center;\"><img loading=\"lazy\" decoding=\"async\" class=\"aligncenter size-full wp-image-427\" src=\"http:\/\/bewegung-in-balance.de\/wp-content\/uploads\/2018\/09\/DSC_0550.jpg\" alt=\"\" width=\"1000\" height=\"667\" srcset=\"https:\/\/bewegung-in-balance.de\/wp-content\/uploads\/2018\/09\/DSC_0550.jpg 1000w, https:\/\/bewegung-in-balance.de\/wp-content\/uploads\/2018\/09\/DSC_0550-300x200.jpg 300w, https:\/\/bewegung-in-balance.de\/wp-content\/uploads\/2018\/09\/DSC_0550-768x512.jpg 768w\" sizes=\"auto, (max-width: 709px) 85vw, (max-width: 909px) 67vw, (max-width: 1362px) 62vw, 840px\" \/><\/p>\n<p style=\"text-align: center;\">Hinterher wird das alles ausdiskutiert.<\/p>\n<p style=\"text-align: center;\"><img loading=\"lazy\" decoding=\"async\" class=\"aligncenter size-full wp-image-425\" src=\"http:\/\/bewegung-in-balance.de\/wp-content\/uploads\/2018\/09\/DSC_0517.jpg\" alt=\"\" width=\"1000\" height=\"667\" srcset=\"https:\/\/bewegung-in-balance.de\/wp-content\/uploads\/2018\/09\/DSC_0517.jpg 1000w, https:\/\/bewegung-in-balance.de\/wp-content\/uploads\/2018\/09\/DSC_0517-300x200.jpg 300w, https:\/\/bewegung-in-balance.de\/wp-content\/uploads\/2018\/09\/DSC_0517-768x512.jpg 768w\" sizes=\"auto, (max-width: 709px) 85vw, (max-width: 909px) 67vw, (max-width: 1362px) 62vw, 840px\" \/><\/p>\n<p style=\"text-align: center;\">Wer wohl da steht?<\/p>\n<p style=\"text-align: center;\"><img loading=\"lazy\" decoding=\"async\" class=\"aligncenter size-full wp-image-424\" src=\"http:\/\/bewegung-in-balance.de\/wp-content\/uploads\/2018\/09\/DSC_0434.jpg\" alt=\"\" width=\"1000\" height=\"667\" srcset=\"https:\/\/bewegung-in-balance.de\/wp-content\/uploads\/2018\/09\/DSC_0434.jpg 1000w, https:\/\/bewegung-in-balance.de\/wp-content\/uploads\/2018\/09\/DSC_0434-300x200.jpg 300w, https:\/\/bewegung-in-balance.de\/wp-content\/uploads\/2018\/09\/DSC_0434-768x512.jpg 768w\" sizes=\"auto, (max-width: 709px) 85vw, (max-width: 909px) 67vw, (max-width: 1362px) 62vw, 840px\" \/><\/p>\n<p style=\"text-align: center;\">Sch\u00f6n, da\u00df auch die Familien mit dabei sind.<\/p>\n<p style=\"text-align: center;\"><img loading=\"lazy\" decoding=\"async\" class=\"aligncenter size-full wp-image-417\" src=\"http:\/\/bewegung-in-balance.de\/wp-content\/uploads\/2018\/09\/DSC_0323.jpg\" alt=\"\" width=\"1000\" height=\"667\" srcset=\"https:\/\/bewegung-in-balance.de\/wp-content\/uploads\/2018\/09\/DSC_0323.jpg 1000w, https:\/\/bewegung-in-balance.de\/wp-content\/uploads\/2018\/09\/DSC_0323-300x200.jpg 300w, https:\/\/bewegung-in-balance.de\/wp-content\/uploads\/2018\/09\/DSC_0323-768x512.jpg 768w\" sizes=\"auto, (max-width: 709px) 85vw, (max-width: 909px) 67vw, (max-width: 1362px) 62vw, 840px\" \/><\/p>\n<p style=\"text-align: center;\">Die Band nach getaner Arbeit.<\/p>\n<p style=\"text-align: center;\"><img loading=\"lazy\" decoding=\"async\" class=\"aligncenter size-full wp-image-418\" src=\"http:\/\/bewegung-in-balance.de\/wp-content\/uploads\/2018\/09\/DSC_0363.jpg\" alt=\"\" width=\"1000\" height=\"667\" srcset=\"https:\/\/bewegung-in-balance.de\/wp-content\/uploads\/2018\/09\/DSC_0363.jpg 1000w, https:\/\/bewegung-in-balance.de\/wp-content\/uploads\/2018\/09\/DSC_0363-300x200.jpg 300w, https:\/\/bewegung-in-balance.de\/wp-content\/uploads\/2018\/09\/DSC_0363-768x512.jpg 768w\" sizes=\"auto, (max-width: 709px) 85vw, (max-width: 909px) 67vw, (max-width: 1362px) 62vw, 840px\" \/><\/p>\n<p style=\"text-align: center;\">Ob das aus p\u00e4dagogischer Sicht wohl alles so wertvoll war?<\/p>\n<p style=\"text-align: center;\"><img loading=\"lazy\" decoding=\"async\" class=\"aligncenter size-full wp-image-420\" src=\"http:\/\/bewegung-in-balance.de\/wp-content\/uploads\/2018\/09\/DSC_0373.jpg\" alt=\"\" width=\"1000\" height=\"667\" srcset=\"https:\/\/bewegung-in-balance.de\/wp-content\/uploads\/2018\/09\/DSC_0373.jpg 1000w, https:\/\/bewegung-in-balance.de\/wp-content\/uploads\/2018\/09\/DSC_0373-300x200.jpg 300w, https:\/\/bewegung-in-balance.de\/wp-content\/uploads\/2018\/09\/DSC_0373-768x512.jpg 768w\" sizes=\"auto, (max-width: 709px) 85vw, (max-width: 909px) 67vw, (max-width: 1362px) 62vw, 840px\" \/><\/p>\n<p style=\"text-align: center;\">Von innen sieht es auch ganz nett aus.<\/p>\n<p style=\"text-align: center;\"><img loading=\"lazy\" decoding=\"async\" class=\"aligncenter size-full wp-image-421\" src=\"http:\/\/bewegung-in-balance.de\/wp-content\/uploads\/2018\/09\/DSC_0377.jpg\" alt=\"\" width=\"1000\" height=\"667\" srcset=\"https:\/\/bewegung-in-balance.de\/wp-content\/uploads\/2018\/09\/DSC_0377.jpg 1000w, https:\/\/bewegung-in-balance.de\/wp-content\/uploads\/2018\/09\/DSC_0377-300x200.jpg 300w, https:\/\/bewegung-in-balance.de\/wp-content\/uploads\/2018\/09\/DSC_0377-768x512.jpg 768w\" sizes=\"auto, (max-width: 709px) 85vw, (max-width: 909px) 67vw, (max-width: 1362px) 62vw, 840px\" \/><\/p>\n<p style=\"text-align: center;\">Vereinsleben &#8230;<\/p>\n<p style=\"text-align: center;\"><img loading=\"lazy\" decoding=\"async\" class=\"aligncenter size-full wp-image-416\" src=\"http:\/\/bewegung-in-balance.de\/wp-content\/uploads\/2018\/09\/DSC_0321.jpg\" alt=\"\" width=\"667\" height=\"1000\" srcset=\"https:\/\/bewegung-in-balance.de\/wp-content\/uploads\/2018\/09\/DSC_0321.jpg 667w, https:\/\/bewegung-in-balance.de\/wp-content\/uploads\/2018\/09\/DSC_0321-200x300.jpg 200w\" sizes=\"auto, (max-width: 709px) 85vw, (max-width: 909px) 67vw, (max-width: 984px) 61vw, (max-width: 1362px) 45vw, 600px\" \/><\/p>\n<p style=\"text-align: center;\">Fast wie Schwestern \ud83d\ude42<\/p>\n<p style=\"text-align: center;\"><img loading=\"lazy\" decoding=\"async\" class=\"aligncenter size-full wp-image-415\" src=\"http:\/\/bewegung-in-balance.de\/wp-content\/uploads\/2018\/09\/DSC_0313.jpg\" alt=\"\" width=\"1000\" height=\"667\" srcset=\"https:\/\/bewegung-in-balance.de\/wp-content\/uploads\/2018\/09\/DSC_0313.jpg 1000w, https:\/\/bewegung-in-balance.de\/wp-content\/uploads\/2018\/09\/DSC_0313-300x200.jpg 300w, https:\/\/bewegung-in-balance.de\/wp-content\/uploads\/2018\/09\/DSC_0313-768x512.jpg 768w\" sizes=\"auto, (max-width: 709px) 85vw, (max-width: 909px) 67vw, (max-width: 1362px) 62vw, 840px\" \/><\/p>\n<p style=\"text-align: center;\">Die Bandbeauftragte mit dem Emmissionss\u00fcnder.<\/p>\n<p style=\"text-align: center;\"><img loading=\"lazy\" decoding=\"async\" class=\"aligncenter size-full wp-image-413\" src=\"http:\/\/bewegung-in-balance.de\/wp-content\/uploads\/2018\/09\/DSC_0285.jpg\" alt=\"\" width=\"1000\" height=\"667\" srcset=\"https:\/\/bewegung-in-balance.de\/wp-content\/uploads\/2018\/09\/DSC_0285.jpg 1000w, https:\/\/bewegung-in-balance.de\/wp-content\/uploads\/2018\/09\/DSC_0285-300x200.jpg 300w, https:\/\/bewegung-in-balance.de\/wp-content\/uploads\/2018\/09\/DSC_0285-768x512.jpg 768w\" sizes=\"auto, (max-width: 709px) 85vw, (max-width: 909px) 67vw, (max-width: 1362px) 62vw, 840px\" \/><\/p>\n<p style=\"text-align: center;\">Turnschwestern unter sich \ud83d\ude42<\/p>\n<p style=\"text-align: center;\"><img loading=\"lazy\" decoding=\"async\" class=\"aligncenter size-full wp-image-412\" src=\"http:\/\/bewegung-in-balance.de\/wp-content\/uploads\/2018\/09\/DSC_0278.jpg\" alt=\"\" width=\"1000\" height=\"667\" srcset=\"https:\/\/bewegung-in-balance.de\/wp-content\/uploads\/2018\/09\/DSC_0278.jpg 1000w, https:\/\/bewegung-in-balance.de\/wp-content\/uploads\/2018\/09\/DSC_0278-300x200.jpg 300w, https:\/\/bewegung-in-balance.de\/wp-content\/uploads\/2018\/09\/DSC_0278-768x512.jpg 768w\" sizes=\"auto, (max-width: 709px) 85vw, (max-width: 909px) 67vw, (max-width: 1362px) 62vw, 840px\" \/><\/p>\n<p style=\"text-align: center;\">Sportlich, sportlich &#8230;<\/p>\n<p style=\"text-align: center;\"><img loading=\"lazy\" decoding=\"async\" class=\"aligncenter size-full wp-image-411\" src=\"http:\/\/bewegung-in-balance.de\/wp-content\/uploads\/2018\/09\/DSC_0274.jpg\" alt=\"\" width=\"1000\" height=\"667\" srcset=\"https:\/\/bewegung-in-balance.de\/wp-content\/uploads\/2018\/09\/DSC_0274.jpg 1000w, https:\/\/bewegung-in-balance.de\/wp-content\/uploads\/2018\/09\/DSC_0274-300x200.jpg 300w, https:\/\/bewegung-in-balance.de\/wp-content\/uploads\/2018\/09\/DSC_0274-768x512.jpg 768w\" sizes=\"auto, (max-width: 709px) 85vw, (max-width: 909px) 67vw, (max-width: 1362px) 62vw, 840px\" \/><\/p>\n<p style=\"text-align: center;\">Aber lustig \ud83d\ude42<\/p>\n<p style=\"text-align: center;\"><img loading=\"lazy\" decoding=\"async\" class=\"aligncenter size-full wp-image-410\" src=\"http:\/\/bewegung-in-balance.de\/wp-content\/uploads\/2018\/09\/DSC_0265.jpg\" alt=\"\" width=\"667\" height=\"1000\" srcset=\"https:\/\/bewegung-in-balance.de\/wp-content\/uploads\/2018\/09\/DSC_0265.jpg 667w, https:\/\/bewegung-in-balance.de\/wp-content\/uploads\/2018\/09\/DSC_0265-200x300.jpg 200w\" sizes=\"auto, (max-width: 709px) 85vw, (max-width: 909px) 67vw, (max-width: 984px) 61vw, (max-width: 1362px) 45vw, 600px\" \/><\/p>\n<p style=\"text-align: center;\">Sch\u00f6n, da\u00df einige immer dabei sind \ud83d\ude42<\/p>\n<p style=\"text-align: center;\"><img loading=\"lazy\" decoding=\"async\" class=\"aligncenter size-full wp-image-409\" src=\"http:\/\/bewegung-in-balance.de\/wp-content\/uploads\/2018\/09\/DSC_0238.jpg\" alt=\"\" width=\"1000\" height=\"667\" srcset=\"https:\/\/bewegung-in-balance.de\/wp-content\/uploads\/2018\/09\/DSC_0238.jpg 1000w, https:\/\/bewegung-in-balance.de\/wp-content\/uploads\/2018\/09\/DSC_0238-300x200.jpg 300w, https:\/\/bewegung-in-balance.de\/wp-content\/uploads\/2018\/09\/DSC_0238-768x512.jpg 768w\" sizes=\"auto, (max-width: 709px) 85vw, (max-width: 909px) 67vw, (max-width: 1362px) 62vw, 840px\" \/><\/p>\n<p style=\"text-align: center;\">Im Gespr\u00e4ch &#8230;<\/p>\n<p style=\"text-align: center;\"><img loading=\"lazy\" decoding=\"async\" class=\"aligncenter size-full wp-image-407\" src=\"http:\/\/bewegung-in-balance.de\/wp-content\/uploads\/2018\/09\/DSC_0180.jpg\" alt=\"\" width=\"1000\" height=\"667\" srcset=\"https:\/\/bewegung-in-balance.de\/wp-content\/uploads\/2018\/09\/DSC_0180.jpg 1000w, https:\/\/bewegung-in-balance.de\/wp-content\/uploads\/2018\/09\/DSC_0180-300x200.jpg 300w, https:\/\/bewegung-in-balance.de\/wp-content\/uploads\/2018\/09\/DSC_0180-768x512.jpg 768w\" sizes=\"auto, (max-width: 709px) 85vw, (max-width: 909px) 67vw, (max-width: 1362px) 62vw, 840px\" \/><\/p>\n<p style=\"text-align: center;\">Wer sind diese Leute?!<\/p>\n<p style=\"text-align: center;\"><img loading=\"lazy\" decoding=\"async\" class=\"aligncenter size-full wp-image-405\" src=\"http:\/\/bewegung-in-balance.de\/wp-content\/uploads\/2018\/09\/DSC_0147.jpg\" alt=\"\" width=\"1000\" height=\"667\" srcset=\"https:\/\/bewegung-in-balance.de\/wp-content\/uploads\/2018\/09\/DSC_0147.jpg 1000w, https:\/\/bewegung-in-balance.de\/wp-content\/uploads\/2018\/09\/DSC_0147-300x200.jpg 300w, https:\/\/bewegung-in-balance.de\/wp-content\/uploads\/2018\/09\/DSC_0147-768x512.jpg 768w\" sizes=\"auto, (max-width: 709px) 85vw, (max-width: 909px) 67vw, (max-width: 1362px) 62vw, 840px\" \/><\/p>\n<p style=\"text-align: center;\">Unsere Neuen \ud83d\ude42<\/p>\n<p style=\"text-align: center;\"><img loading=\"lazy\" decoding=\"async\" class=\"aligncenter size-full wp-image-404\" src=\"http:\/\/bewegung-in-balance.de\/wp-content\/uploads\/2018\/09\/DSC_0140.jpg\" alt=\"\" width=\"667\" height=\"1000\" srcset=\"https:\/\/bewegung-in-balance.de\/wp-content\/uploads\/2018\/09\/DSC_0140.jpg 667w, https:\/\/bewegung-in-balance.de\/wp-content\/uploads\/2018\/09\/DSC_0140-200x300.jpg 200w\" sizes=\"auto, (max-width: 709px) 85vw, (max-width: 909px) 67vw, (max-width: 984px) 61vw, (max-width: 1362px) 45vw, 600px\" \/><\/p>\n<p style=\"text-align: center;\">Da geht noch was!<\/p>\n<p style=\"text-align: center;\"><img loading=\"lazy\" decoding=\"async\" class=\"aligncenter size-full wp-image-403\" src=\"http:\/\/bewegung-in-balance.de\/wp-content\/uploads\/2018\/09\/DSC_0116.jpg\" alt=\"\" width=\"1000\" height=\"667\" srcset=\"https:\/\/bewegung-in-balance.de\/wp-content\/uploads\/2018\/09\/DSC_0116.jpg 1000w, https:\/\/bewegung-in-balance.de\/wp-content\/uploads\/2018\/09\/DSC_0116-300x200.jpg 300w, https:\/\/bewegung-in-balance.de\/wp-content\/uploads\/2018\/09\/DSC_0116-768x512.jpg 768w\" sizes=\"auto, (max-width: 709px) 85vw, (max-width: 909px) 67vw, (max-width: 1362px) 62vw, 840px\" \/><\/p>\n<p style=\"text-align: center;\">Aha &#8230;<\/p>\n<p style=\"text-align: center;\"><img loading=\"lazy\" decoding=\"async\" class=\"aligncenter size-full wp-image-402\" src=\"http:\/\/bewegung-in-balance.de\/wp-content\/uploads\/2018\/09\/DSC_0111.jpg\" alt=\"\" width=\"1000\" height=\"667\" srcset=\"https:\/\/bewegung-in-balance.de\/wp-content\/uploads\/2018\/09\/DSC_0111.jpg 1000w, https:\/\/bewegung-in-balance.de\/wp-content\/uploads\/2018\/09\/DSC_0111-300x200.jpg 300w, https:\/\/bewegung-in-balance.de\/wp-content\/uploads\/2018\/09\/DSC_0111-768x512.jpg 768w\" sizes=\"auto, (max-width: 709px) 85vw, (max-width: 909px) 67vw, (max-width: 1362px) 62vw, 840px\" \/><\/p>\n<p style=\"text-align: center;\">Und nochmal Vereinsleben \ud83d\ude42<\/p>\n<p style=\"text-align: center;\"><img loading=\"lazy\" decoding=\"async\" class=\"aligncenter size-full wp-image-401\" src=\"http:\/\/bewegung-in-balance.de\/wp-content\/uploads\/2018\/09\/DSC_0082.jpg\" alt=\"\" width=\"1000\" height=\"656\" srcset=\"https:\/\/bewegung-in-balance.de\/wp-content\/uploads\/2018\/09\/DSC_0082.jpg 1000w, https:\/\/bewegung-in-balance.de\/wp-content\/uploads\/2018\/09\/DSC_0082-300x197.jpg 300w, https:\/\/bewegung-in-balance.de\/wp-content\/uploads\/2018\/09\/DSC_0082-768x504.jpg 768w\" sizes=\"auto, (max-width: 709px) 85vw, (max-width: 909px) 67vw, (max-width: 1362px) 62vw, 840px\" \/><\/p>\n<p style=\"text-align: center;\">Der Vorstand segnet ab.<\/p>\n<p style=\"text-align: center;\"><img loading=\"lazy\" decoding=\"async\" class=\"aligncenter size-full wp-image-400\" src=\"http:\/\/bewegung-in-balance.de\/wp-content\/uploads\/2018\/09\/DSC_0081.jpg\" alt=\"\" width=\"1000\" height=\"693\" srcset=\"https:\/\/bewegung-in-balance.de\/wp-content\/uploads\/2018\/09\/DSC_0081.jpg 1000w, https:\/\/bewegung-in-balance.de\/wp-content\/uploads\/2018\/09\/DSC_0081-300x208.jpg 300w, https:\/\/bewegung-in-balance.de\/wp-content\/uploads\/2018\/09\/DSC_0081-768x532.jpg 768w\" sizes=\"auto, (max-width: 709px) 85vw, (max-width: 909px) 67vw, (max-width: 1362px) 62vw, 840px\" \/><\/p>\n<p style=\"text-align: center;\">Die M\u00e4nnerbeauftrage auch.<\/p>\n<p style=\"text-align: center;\"><img loading=\"lazy\" decoding=\"async\" class=\"aligncenter size-full wp-image-396\" src=\"http:\/\/bewegung-in-balance.de\/wp-content\/uploads\/2018\/09\/DSC_0041.jpg\" alt=\"\" width=\"667\" height=\"1000\" srcset=\"https:\/\/bewegung-in-balance.de\/wp-content\/uploads\/2018\/09\/DSC_0041.jpg 667w, https:\/\/bewegung-in-balance.de\/wp-content\/uploads\/2018\/09\/DSC_0041-200x300.jpg 200w\" sizes=\"auto, (max-width: 709px) 85vw, (max-width: 909px) 67vw, (max-width: 984px) 61vw, (max-width: 1362px) 45vw, 600px\" \/><\/p>\n<p style=\"text-align: center;\">War schon, oder ?!<\/p>\n<p>Und wer jetzt noch nicht genug hat, der ist zum n\u00e4chsten Konzert eingeladen, diesen Samstag! Ja, der Christoph Kramer l\u00e4dt den ganzen Verein ein!<\/p>\n<p><a href=\"https:\/\/www.facebook.com\/BandNordend\/photos\/a.653590971449235\/1250003335141326\/?type=3&amp;__xts__%5B0%5D=68.ARChxjmLGQzvJjDP7a87n4GRtI751Q-9RmW4XLKXeCivLCCBdULr4nSKVAhwbzuFGziqOFJkS7c4xhsEX4kLypM4zo-4VrY1GcMwDFgsJfWX9bLSHwUy2-l6FlzcEXxPNuk1gpRYschin7aJNycow-Y1eyuDEm9Kd-xED8JxirjjR6BsIssdbw&amp;__tn__=EEHH-R\" target=\"_blank\" rel=\"noopener\">Ich geh da mal hin, und Ihr so?<\/a><\/p>\n","protected":false},"excerpt":{"rendered":"<p>&#8230; endlich mal die Bilder von unserer letzten Vereinsfeier \ud83d\ude42 Und ich sage schon mal an: Die n\u00e4chste kommt noch in diesem Jahr!!! F\u00fcr Vorschl\u00e4ge ist der Vorstand immer dankbar &#8230; Na, ob das was wird?! Die Band mit Dr. Kramenke pers\u00f6nlich! Alte Herren k\u00f6nnen so toll sein :-I Mit Inbrunst &#8230; So sch\u00f6n \ud83d\ude42 &hellip; <a href=\"https:\/\/bewegung-in-balance.de\/?p=429\" class=\"more-link\"><span class=\"screen-reader-text\">\u201eWie versprochen &#8230;\u201c <\/span>weiterlesen<\/a><\/p>\n","protected":false},"author":1,"featured_media":0,"comment_status":"open","ping_status":"open","sticky":false,"template":"","format":"standard","meta":{"_s2mail":"yes","footnotes":""},"categories":[1],"tags":[],"class_list":["post-429","post","type-post","status-publish","format-standard","hentry","category-sonstiges"],"_links":{"self":[{"href":"https:\/\/bewegung-in-balance.de\/index.php?rest_route=\/wp\/v2\/posts\/429","targetHints":{"allow":["GET"]}}],"collection":[{"href":"https:\/\/bewegung-in-balance.de\/index.php?rest_route=\/wp\/v2\/posts"}],"about":[{"href":"https:\/\/bewegung-in-balance.de\/index.php?rest_route=\/wp\/v2\/types\/post"}],"author":[{"embeddable":true,"href":"https:\/\/bewegung-in-balance.de\/index.php?rest_route=\/wp\/v2\/users\/1"}],"replies":[{"embeddable":true,"href":"https:\/\/bewegung-in-balance.de\/index.php?rest_route=%2Fwp%2Fv2%2Fcomments&post=429"}],"version-history":[{"count":3,"href":"https:\/\/bewegung-in-balance.de\/index.php?rest_route=\/wp\/v2\/posts\/429\/revisions"}],"predecessor-version":[{"id":432,"href":"https:\/\/bewegung-in-balance.de\/index.php?rest_route=\/wp\/v2\/posts\/429\/revisions\/432"}],"wp:attachment":[{"href":"https:\/\/bewegung-in-balance.de\/index.php?rest_route=%2Fwp%2Fv2%2Fmedia&parent=429"}],"wp:term":[{"taxonomy":"category","embeddable":true,"href":"https:\/\/bewegung-in-balance.de\/index.php?rest_route=%2Fwp%2Fv2%2Fcategories&post=429"},{"taxonomy":"post_tag","embeddable":true,"href":"https:\/\/bewegung-in-balance.de\/index.php?rest_route=%2Fwp%2Fv2%2Ftags&post=429"}],"curies":[{"name":"wp","href":"https:\/\/api.w.org\/{rel}","templated":true}]}}