{"id":4284,"date":"2026-03-16T07:19:31","date_gmt":"2026-03-16T07:19:31","guid":{"rendered":"https:\/\/bewegung-in-balance.de\/?p=4284"},"modified":"2026-03-16T07:19:31","modified_gmt":"2026-03-16T07:19:31","slug":"sport-und-mehr-diese-woche-3","status":"publish","type":"post","link":"https:\/\/bewegung-in-balance.de\/?p=4284","title":{"rendered":"Sport und mehr diese Woche"},"content":{"rendered":"\n<p>Der <a href=\"https:\/\/bewegung-in-balance.de\/?page_id=20\">Plan<\/a> f\u00fcr diese Woche steht!<\/p>\n\n\n\n<p>Besonderheiten diese Woche sind:<\/p>\n\n\n\n<p><strong>Freitag, 20.3.26, 20.00 Uhr Impro Theater mit Ad Hoc!<br><\/strong>Eingeladen sind alle und auch Familie, Freunde und Bekannte!<br>Der Spa\u00df ist f\u00fcr gro\u00df und klein, gern k\u00f6nnen also auch Omas, Opas, Kinder und Enkel mitgebracht werden.<\/p>\n\n\n\n<p><strong>Samstag, 21.3.26, 11:00 Uhr die allj\u00e4hrliche Jahreshauptversammlung.<\/strong><\/p>\n\n\n\n<p>Wir freuen uns auf Euch!<br>Sportliche Gr\u00fc\u00dfe,<br>Rebecca<strong><br><\/strong><\/p>\n","protected":false},"excerpt":{"rendered":"<p>Der Plan f\u00fcr diese Woche steht! Besonderheiten diese Woche sind: Freitag, 20.3.26, 20.00 Uhr Impro Theater mit Ad Hoc!Eingeladen sind alle und auch Familie, Freunde und Bekannte!Der Spa\u00df ist f\u00fcr gro\u00df und klein, gern k\u00f6nnen also auch Omas, Opas, Kinder und Enkel mitgebracht werden. Samstag, 21.3.26, 11:00 Uhr die allj\u00e4hrliche Jahreshauptversammlung. Wir freuen uns auf &hellip; <a href=\"https:\/\/bewegung-in-balance.de\/?p=4284\" class=\"more-link\"><span class=\"screen-reader-text\">\u201eSport und mehr diese Woche\u201c <\/span>weiterlesen<\/a><\/p>\n","protected":false},"author":1,"featured_media":0,"comment_status":"open","ping_status":"open","sticky":false,"template":"","format":"standard","meta":{"_s2mail":"yes","footnotes":""},"categories":[1],"tags":[],"class_list":["post-4284","post","type-post","status-publish","format-standard","hentry","category-sonstiges"],"_links":{"self":[{"href":"https:\/\/bewegung-in-balance.de\/index.php?rest_route=\/wp\/v2\/posts\/4284","targetHints":{"allow":["GET"]}}],"collection":[{"href":"https:\/\/bewegung-in-balance.de\/index.php?rest_route=\/wp\/v2\/posts"}],"about":[{"href":"https:\/\/bewegung-in-balance.de\/index.php?rest_route=\/wp\/v2\/types\/post"}],"author":[{"embeddable":true,"href":"https:\/\/bewegung-in-balance.de\/index.php?rest_route=\/wp\/v2\/users\/1"}],"replies":[{"embeddable":true,"href":"https:\/\/bewegung-in-balance.de\/index.php?rest_route=%2Fwp%2Fv2%2Fcomments&post=4284"}],"version-history":[{"count":1,"href":"https:\/\/bewegung-in-balance.de\/index.php?rest_route=\/wp\/v2\/posts\/4284\/revisions"}],"predecessor-version":[{"id":4285,"href":"https:\/\/bewegung-in-balance.de\/index.php?rest_route=\/wp\/v2\/posts\/4284\/revisions\/4285"}],"wp:attachment":[{"href":"https:\/\/bewegung-in-balance.de\/index.php?rest_route=%2Fwp%2Fv2%2Fmedia&parent=4284"}],"wp:term":[{"taxonomy":"category","embeddable":true,"href":"https:\/\/bewegung-in-balance.de\/index.php?rest_route=%2Fwp%2Fv2%2Fcategories&post=4284"},{"taxonomy":"post_tag","embeddable":true,"href":"https:\/\/bewegung-in-balance.de\/index.php?rest_route=%2Fwp%2Fv2%2Ftags&post=4284"}],"curies":[{"name":"wp","href":"https:\/\/api.w.org\/{rel}","templated":true}]}}