{"id":3949,"date":"2025-03-10T06:47:28","date_gmt":"2025-03-10T06:47:28","guid":{"rendered":"https:\/\/bewegung-in-balance.de\/?p=3949"},"modified":"2025-03-10T06:47:28","modified_gmt":"2025-03-10T06:47:28","slug":"sport-diese-woche-167","status":"publish","type":"post","link":"https:\/\/bewegung-in-balance.de\/?p=3949","title":{"rendered":"Sport diese Woche"},"content":{"rendered":"\n<p>Der <a href=\"https:\/\/bewegung-in-balance.de\/?page_id=20\">Plan<\/a> f\u00fcr diese Woche steht!<\/p>\n\n\n\n<p>Und es gibt Neuigkeiten:<br>Volker ist wieder zur\u00fcck und bietet am Mittwoch Yoga an!<br>Ebenfalls am Mittwoch (und hoffentlich auch weitere Mittwoche),<br>findet Tischtennis spielen mit Uli statt!<\/p>\n\n\n\n<p>Sportliche Gr\u00fc\u00dfe,<br>Rebecca<\/p>\n\n\n\n<p>PS: Was bitte sch\u00f6n ist der Plural von Mittwoch?!<\/p>\n","protected":false},"excerpt":{"rendered":"<p>Der Plan f\u00fcr diese Woche steht! Und es gibt Neuigkeiten:Volker ist wieder zur\u00fcck und bietet am Mittwoch Yoga an!Ebenfalls am Mittwoch (und hoffentlich auch weitere Mittwoche),findet Tischtennis spielen mit Uli statt! Sportliche Gr\u00fc\u00dfe,Rebecca PS: Was bitte sch\u00f6n ist der Plural von Mittwoch?!<\/p>\n","protected":false},"author":1,"featured_media":0,"comment_status":"open","ping_status":"open","sticky":false,"template":"","format":"standard","meta":{"_s2mail":"yes","footnotes":""},"categories":[1],"tags":[],"class_list":["post-3949","post","type-post","status-publish","format-standard","hentry","category-sonstiges"],"_links":{"self":[{"href":"https:\/\/bewegung-in-balance.de\/index.php?rest_route=\/wp\/v2\/posts\/3949","targetHints":{"allow":["GET"]}}],"collection":[{"href":"https:\/\/bewegung-in-balance.de\/index.php?rest_route=\/wp\/v2\/posts"}],"about":[{"href":"https:\/\/bewegung-in-balance.de\/index.php?rest_route=\/wp\/v2\/types\/post"}],"author":[{"embeddable":true,"href":"https:\/\/bewegung-in-balance.de\/index.php?rest_route=\/wp\/v2\/users\/1"}],"replies":[{"embeddable":true,"href":"https:\/\/bewegung-in-balance.de\/index.php?rest_route=%2Fwp%2Fv2%2Fcomments&post=3949"}],"version-history":[{"count":1,"href":"https:\/\/bewegung-in-balance.de\/index.php?rest_route=\/wp\/v2\/posts\/3949\/revisions"}],"predecessor-version":[{"id":3950,"href":"https:\/\/bewegung-in-balance.de\/index.php?rest_route=\/wp\/v2\/posts\/3949\/revisions\/3950"}],"wp:attachment":[{"href":"https:\/\/bewegung-in-balance.de\/index.php?rest_route=%2Fwp%2Fv2%2Fmedia&parent=3949"}],"wp:term":[{"taxonomy":"category","embeddable":true,"href":"https:\/\/bewegung-in-balance.de\/index.php?rest_route=%2Fwp%2Fv2%2Fcategories&post=3949"},{"taxonomy":"post_tag","embeddable":true,"href":"https:\/\/bewegung-in-balance.de\/index.php?rest_route=%2Fwp%2Fv2%2Ftags&post=3949"}],"curies":[{"name":"wp","href":"https:\/\/api.w.org\/{rel}","templated":true}]}}