{"id":3838,"date":"2024-10-31T15:30:06","date_gmt":"2024-10-31T15:30:06","guid":{"rendered":"https:\/\/bewegung-in-balance.de\/?p=3838"},"modified":"2024-10-31T15:30:06","modified_gmt":"2024-10-31T15:30:06","slug":"komme-spaeter","status":"publish","type":"post","link":"https:\/\/bewegung-in-balance.de\/?p=3838","title":{"rendered":"Komme sp\u00e4ter"},"content":{"rendered":"\n<p>Zus\u00e4tzlich zu Pendel- und Ersatzverkehr gibt es jetzt noch eine Signalst\u00f6rung.<\/p>\n\n\n\n<p>Ich komme auf jeden Fall, nur etwas sp\u00e4ter.<\/p>\n\n\n\n<p>Gru\u00df, Rebecca <\/p>\n","protected":false},"excerpt":{"rendered":"<p>Zus\u00e4tzlich zu Pendel- und Ersatzverkehr gibt es jetzt noch eine Signalst\u00f6rung. Ich komme auf jeden Fall, nur etwas sp\u00e4ter. Gru\u00df, Rebecca<\/p>\n","protected":false},"author":1,"featured_media":0,"comment_status":"open","ping_status":"open","sticky":false,"template":"","format":"standard","meta":{"_s2mail":"","footnotes":""},"categories":[1],"tags":[],"class_list":["post-3838","post","type-post","status-publish","format-standard","hentry","category-sonstiges"],"_links":{"self":[{"href":"https:\/\/bewegung-in-balance.de\/index.php?rest_route=\/wp\/v2\/posts\/3838","targetHints":{"allow":["GET"]}}],"collection":[{"href":"https:\/\/bewegung-in-balance.de\/index.php?rest_route=\/wp\/v2\/posts"}],"about":[{"href":"https:\/\/bewegung-in-balance.de\/index.php?rest_route=\/wp\/v2\/types\/post"}],"author":[{"embeddable":true,"href":"https:\/\/bewegung-in-balance.de\/index.php?rest_route=\/wp\/v2\/users\/1"}],"replies":[{"embeddable":true,"href":"https:\/\/bewegung-in-balance.de\/index.php?rest_route=%2Fwp%2Fv2%2Fcomments&post=3838"}],"version-history":[{"count":1,"href":"https:\/\/bewegung-in-balance.de\/index.php?rest_route=\/wp\/v2\/posts\/3838\/revisions"}],"predecessor-version":[{"id":3839,"href":"https:\/\/bewegung-in-balance.de\/index.php?rest_route=\/wp\/v2\/posts\/3838\/revisions\/3839"}],"wp:attachment":[{"href":"https:\/\/bewegung-in-balance.de\/index.php?rest_route=%2Fwp%2Fv2%2Fmedia&parent=3838"}],"wp:term":[{"taxonomy":"category","embeddable":true,"href":"https:\/\/bewegung-in-balance.de\/index.php?rest_route=%2Fwp%2Fv2%2Fcategories&post=3838"},{"taxonomy":"post_tag","embeddable":true,"href":"https:\/\/bewegung-in-balance.de\/index.php?rest_route=%2Fwp%2Fv2%2Ftags&post=3838"}],"curies":[{"name":"wp","href":"https:\/\/api.w.org\/{rel}","templated":true}]}}