{"id":378,"date":"2018-09-24T07:21:07","date_gmt":"2018-09-24T07:21:07","guid":{"rendered":"http:\/\/bewegung-in-balance.de\/?p=378"},"modified":"2018-09-24T07:21:07","modified_gmt":"2018-09-24T07:21:07","slug":"aktueller-wochenplan-3","status":"publish","type":"post","link":"https:\/\/bewegung-in-balance.de\/?p=378","title":{"rendered":"Aktueller Wochenplan!"},"content":{"rendered":"<p>Schaut doch mal bitte immer wieder mal.<\/p>\n<p><a href=\"https:\/\/bewegung-in-balance.de\/?page_id=20\">aktueller Wochenplan<\/a><\/p>\n<p>Liebe Nora, geh doch einfach mal hin heute Abend, es wird bestimmt noch jemand mit Schl\u00fcssel kommen, oder Du holst ihn vorher bei Nadja ab und gehst auf Nummer sicher. Am Fenster h\u00e4ngt noch ein extra Schl\u00fcssel, den kannst Du heute auch gern noch mitnehmen.<\/p>\n<p>Und nochmals gleich der Aufruf an alle Schl\u00fcsseltr\u00e4ger: Kommt doch bitte heute, um f\u00fcr Nora aufzuschlie\u00dfen!!!<\/p>\n<p>Sportliche Gr\u00fc\u00dfe,<br \/>\nRebecca<\/p>\n","protected":false},"excerpt":{"rendered":"<p>Schaut doch mal bitte immer wieder mal. aktueller Wochenplan Liebe Nora, geh doch einfach mal hin heute Abend, es wird bestimmt noch jemand mit Schl\u00fcssel kommen, oder Du holst ihn vorher bei Nadja ab und gehst auf Nummer sicher. Am Fenster h\u00e4ngt noch ein extra Schl\u00fcssel, den kannst Du heute auch gern noch mitnehmen. Und &hellip; <a href=\"https:\/\/bewegung-in-balance.de\/?p=378\" class=\"more-link\"><span class=\"screen-reader-text\">\u201eAktueller Wochenplan!\u201c <\/span>weiterlesen<\/a><\/p>\n","protected":false},"author":1,"featured_media":0,"comment_status":"open","ping_status":"open","sticky":false,"template":"","format":"standard","meta":{"_s2mail":"yes","footnotes":""},"categories":[1],"tags":[],"class_list":["post-378","post","type-post","status-publish","format-standard","hentry","category-sonstiges"],"_links":{"self":[{"href":"https:\/\/bewegung-in-balance.de\/index.php?rest_route=\/wp\/v2\/posts\/378","targetHints":{"allow":["GET"]}}],"collection":[{"href":"https:\/\/bewegung-in-balance.de\/index.php?rest_route=\/wp\/v2\/posts"}],"about":[{"href":"https:\/\/bewegung-in-balance.de\/index.php?rest_route=\/wp\/v2\/types\/post"}],"author":[{"embeddable":true,"href":"https:\/\/bewegung-in-balance.de\/index.php?rest_route=\/wp\/v2\/users\/1"}],"replies":[{"embeddable":true,"href":"https:\/\/bewegung-in-balance.de\/index.php?rest_route=%2Fwp%2Fv2%2Fcomments&post=378"}],"version-history":[{"count":1,"href":"https:\/\/bewegung-in-balance.de\/index.php?rest_route=\/wp\/v2\/posts\/378\/revisions"}],"predecessor-version":[{"id":379,"href":"https:\/\/bewegung-in-balance.de\/index.php?rest_route=\/wp\/v2\/posts\/378\/revisions\/379"}],"wp:attachment":[{"href":"https:\/\/bewegung-in-balance.de\/index.php?rest_route=%2Fwp%2Fv2%2Fmedia&parent=378"}],"wp:term":[{"taxonomy":"category","embeddable":true,"href":"https:\/\/bewegung-in-balance.de\/index.php?rest_route=%2Fwp%2Fv2%2Fcategories&post=378"},{"taxonomy":"post_tag","embeddable":true,"href":"https:\/\/bewegung-in-balance.de\/index.php?rest_route=%2Fwp%2Fv2%2Ftags&post=378"}],"curies":[{"name":"wp","href":"https:\/\/api.w.org\/{rel}","templated":true}]}}