{"id":3749,"date":"2024-08-19T07:37:41","date_gmt":"2024-08-19T07:37:41","guid":{"rendered":"https:\/\/bewegung-in-balance.de\/?p=3749"},"modified":"2024-08-19T07:37:41","modified_gmt":"2024-08-19T07:37:41","slug":"sport-diese-woche-141","status":"publish","type":"post","link":"https:\/\/bewegung-in-balance.de\/?p=3749","title":{"rendered":"Sport diese Woche"},"content":{"rendered":"\n<p>Die Sommerferien sind noch nicht zu Ende, aber bei uns im Verein geht es langsam wieder los.<\/p>\n\n\n\n<p>Sport findet statt nach <a href=\"https:\/\/bewegung-in-balance.de\/?page_id=20\">Plan<\/a>.<\/p>\n\n\n\n<p>Ein Danke Sch\u00f6n an alle, die in den letzten Wochen so eifrig ausgeholfen haben!<\/p>\n\n\n\n<p>Sportliche Gr\u00fc\u00dfe,<br>Rebecca<\/p>\n","protected":false},"excerpt":{"rendered":"<p>Die Sommerferien sind noch nicht zu Ende, aber bei uns im Verein geht es langsam wieder los. Sport findet statt nach Plan. Ein Danke Sch\u00f6n an alle, die in den letzten Wochen so eifrig ausgeholfen haben! Sportliche Gr\u00fc\u00dfe,Rebecca<\/p>\n","protected":false},"author":1,"featured_media":0,"comment_status":"open","ping_status":"open","sticky":false,"template":"","format":"standard","meta":{"_s2mail":"yes","footnotes":""},"categories":[1],"tags":[],"class_list":["post-3749","post","type-post","status-publish","format-standard","hentry","category-sonstiges"],"_links":{"self":[{"href":"https:\/\/bewegung-in-balance.de\/index.php?rest_route=\/wp\/v2\/posts\/3749","targetHints":{"allow":["GET"]}}],"collection":[{"href":"https:\/\/bewegung-in-balance.de\/index.php?rest_route=\/wp\/v2\/posts"}],"about":[{"href":"https:\/\/bewegung-in-balance.de\/index.php?rest_route=\/wp\/v2\/types\/post"}],"author":[{"embeddable":true,"href":"https:\/\/bewegung-in-balance.de\/index.php?rest_route=\/wp\/v2\/users\/1"}],"replies":[{"embeddable":true,"href":"https:\/\/bewegung-in-balance.de\/index.php?rest_route=%2Fwp%2Fv2%2Fcomments&post=3749"}],"version-history":[{"count":1,"href":"https:\/\/bewegung-in-balance.de\/index.php?rest_route=\/wp\/v2\/posts\/3749\/revisions"}],"predecessor-version":[{"id":3750,"href":"https:\/\/bewegung-in-balance.de\/index.php?rest_route=\/wp\/v2\/posts\/3749\/revisions\/3750"}],"wp:attachment":[{"href":"https:\/\/bewegung-in-balance.de\/index.php?rest_route=%2Fwp%2Fv2%2Fmedia&parent=3749"}],"wp:term":[{"taxonomy":"category","embeddable":true,"href":"https:\/\/bewegung-in-balance.de\/index.php?rest_route=%2Fwp%2Fv2%2Fcategories&post=3749"},{"taxonomy":"post_tag","embeddable":true,"href":"https:\/\/bewegung-in-balance.de\/index.php?rest_route=%2Fwp%2Fv2%2Ftags&post=3749"}],"curies":[{"name":"wp","href":"https:\/\/api.w.org\/{rel}","templated":true}]}}