{"id":348,"date":"2018-09-13T19:13:59","date_gmt":"2018-09-13T19:13:59","guid":{"rendered":"http:\/\/bewegung-in-balance.de\/?p=348"},"modified":"2018-09-13T19:13:59","modified_gmt":"2018-09-13T19:13:59","slug":"vertretung-fuer-diesen-freitag-gesucht","status":"publish","type":"post","link":"https:\/\/bewegung-in-balance.de\/?p=348","title":{"rendered":"Vertretung f\u00fcr diesen Freitag gesucht!"},"content":{"rendered":"<p>Wir sind ja noch im Dienstreise-Modus. Und eigentlich dachte ich, ich h\u00e4tte eine Besch\u00e4ftigung\/Betreuung f\u00fcr meine Kleine f\u00fcr morgen Abend gefunden &#8230; leider hat sich das zerschlagen \ud83d\ude41<\/p>\n<p>Yoga gibt&#8217;s ja schon ganz fr\u00fch mit Volker,<br \/>\nm\u00f6chte jemand Step morgen \u00fcbernehmen? Oder Yoga sp\u00e4ter?<\/p>\n<p>Wenn nicht, dann leider kein Step um 18:00 Uhr und Yoga um 19:00 Uhr am 14.9.18<\/p>\n<p>Wir sehen uns am Samstag, in der Fr\u00fche,<br \/>\nRebecca<\/p>\n","protected":false},"excerpt":{"rendered":"<p>Wir sind ja noch im Dienstreise-Modus. Und eigentlich dachte ich, ich h\u00e4tte eine Besch\u00e4ftigung\/Betreuung f\u00fcr meine Kleine f\u00fcr morgen Abend gefunden &#8230; leider hat sich das zerschlagen \ud83d\ude41 Yoga gibt&#8217;s ja schon ganz fr\u00fch mit Volker, m\u00f6chte jemand Step morgen \u00fcbernehmen? Oder Yoga sp\u00e4ter? Wenn nicht, dann leider kein Step um 18:00 Uhr und Yoga &hellip; <a href=\"https:\/\/bewegung-in-balance.de\/?p=348\" class=\"more-link\"><span class=\"screen-reader-text\">\u201eVertretung f\u00fcr diesen Freitag gesucht!\u201c <\/span>weiterlesen<\/a><\/p>\n","protected":false},"author":1,"featured_media":0,"comment_status":"open","ping_status":"open","sticky":false,"template":"","format":"standard","meta":{"_s2mail":"yes","footnotes":""},"categories":[1],"tags":[],"class_list":["post-348","post","type-post","status-publish","format-standard","hentry","category-sonstiges"],"_links":{"self":[{"href":"https:\/\/bewegung-in-balance.de\/index.php?rest_route=\/wp\/v2\/posts\/348","targetHints":{"allow":["GET"]}}],"collection":[{"href":"https:\/\/bewegung-in-balance.de\/index.php?rest_route=\/wp\/v2\/posts"}],"about":[{"href":"https:\/\/bewegung-in-balance.de\/index.php?rest_route=\/wp\/v2\/types\/post"}],"author":[{"embeddable":true,"href":"https:\/\/bewegung-in-balance.de\/index.php?rest_route=\/wp\/v2\/users\/1"}],"replies":[{"embeddable":true,"href":"https:\/\/bewegung-in-balance.de\/index.php?rest_route=%2Fwp%2Fv2%2Fcomments&post=348"}],"version-history":[{"count":1,"href":"https:\/\/bewegung-in-balance.de\/index.php?rest_route=\/wp\/v2\/posts\/348\/revisions"}],"predecessor-version":[{"id":349,"href":"https:\/\/bewegung-in-balance.de\/index.php?rest_route=\/wp\/v2\/posts\/348\/revisions\/349"}],"wp:attachment":[{"href":"https:\/\/bewegung-in-balance.de\/index.php?rest_route=%2Fwp%2Fv2%2Fmedia&parent=348"}],"wp:term":[{"taxonomy":"category","embeddable":true,"href":"https:\/\/bewegung-in-balance.de\/index.php?rest_route=%2Fwp%2Fv2%2Fcategories&post=348"},{"taxonomy":"post_tag","embeddable":true,"href":"https:\/\/bewegung-in-balance.de\/index.php?rest_route=%2Fwp%2Fv2%2Ftags&post=348"}],"curies":[{"name":"wp","href":"https:\/\/api.w.org\/{rel}","templated":true}]}}