{"id":330,"date":"2018-09-07T19:53:58","date_gmt":"2018-09-07T19:53:58","guid":{"rendered":"http:\/\/bewegung-in-balance.de\/?p=330"},"modified":"2018-09-07T19:53:58","modified_gmt":"2018-09-07T19:53:58","slug":"in-letzter-minute","status":"publish","type":"post","link":"https:\/\/bewegung-in-balance.de\/?p=330","title":{"rendered":"In letzter Minute &#8230;"},"content":{"rendered":"<p>&#8230; hab ich fast vergessen.<br \/>\nMorgen gibt&#8217;s keine Wirbels\u00e4ulengymastik. An der Schule meiner kleinen Tochter ist Sommerfest und sie macht eine Ackerf\u00fchrung im Schulgarten.<br \/>\nDa mu\u00df man wohl hin \ud83d\ude42<\/p>\n<p>Wir sehen uns morgen im Vereinsheim also in der Zeit von 10:00 bis 11:00.<\/p>\n<p>Sportliche Gr\u00fc\u00dfe,<br \/>\nRebecca<\/p>\n","protected":false},"excerpt":{"rendered":"<p>&#8230; hab ich fast vergessen. Morgen gibt&#8217;s keine Wirbels\u00e4ulengymastik. An der Schule meiner kleinen Tochter ist Sommerfest und sie macht eine Ackerf\u00fchrung im Schulgarten. Da mu\u00df man wohl hin \ud83d\ude42 Wir sehen uns morgen im Vereinsheim also in der Zeit von 10:00 bis 11:00. Sportliche Gr\u00fc\u00dfe, Rebecca<\/p>\n","protected":false},"author":1,"featured_media":0,"comment_status":"open","ping_status":"open","sticky":false,"template":"","format":"standard","meta":{"_s2mail":"yes","footnotes":""},"categories":[1],"tags":[],"class_list":["post-330","post","type-post","status-publish","format-standard","hentry","category-sonstiges"],"_links":{"self":[{"href":"https:\/\/bewegung-in-balance.de\/index.php?rest_route=\/wp\/v2\/posts\/330","targetHints":{"allow":["GET"]}}],"collection":[{"href":"https:\/\/bewegung-in-balance.de\/index.php?rest_route=\/wp\/v2\/posts"}],"about":[{"href":"https:\/\/bewegung-in-balance.de\/index.php?rest_route=\/wp\/v2\/types\/post"}],"author":[{"embeddable":true,"href":"https:\/\/bewegung-in-balance.de\/index.php?rest_route=\/wp\/v2\/users\/1"}],"replies":[{"embeddable":true,"href":"https:\/\/bewegung-in-balance.de\/index.php?rest_route=%2Fwp%2Fv2%2Fcomments&post=330"}],"version-history":[{"count":1,"href":"https:\/\/bewegung-in-balance.de\/index.php?rest_route=\/wp\/v2\/posts\/330\/revisions"}],"predecessor-version":[{"id":331,"href":"https:\/\/bewegung-in-balance.de\/index.php?rest_route=\/wp\/v2\/posts\/330\/revisions\/331"}],"wp:attachment":[{"href":"https:\/\/bewegung-in-balance.de\/index.php?rest_route=%2Fwp%2Fv2%2Fmedia&parent=330"}],"wp:term":[{"taxonomy":"category","embeddable":true,"href":"https:\/\/bewegung-in-balance.de\/index.php?rest_route=%2Fwp%2Fv2%2Fcategories&post=330"},{"taxonomy":"post_tag","embeddable":true,"href":"https:\/\/bewegung-in-balance.de\/index.php?rest_route=%2Fwp%2Fv2%2Ftags&post=330"}],"curies":[{"name":"wp","href":"https:\/\/api.w.org\/{rel}","templated":true}]}}