{"id":3059,"date":"2022-09-19T07:13:33","date_gmt":"2022-09-19T07:13:33","guid":{"rendered":"https:\/\/bewegung-in-balance.de\/?p=3059"},"modified":"2022-09-19T07:13:33","modified_gmt":"2022-09-19T07:13:33","slug":"sport-diese-woche-76","status":"publish","type":"post","link":"https:\/\/bewegung-in-balance.de\/?p=3059","title":{"rendered":"Sport diese Woche"},"content":{"rendered":"\n<p>Der <a href=\"https:\/\/bewegung-in-balance.de\/?page_id=20\">Plan<\/a> f\u00fcr diese Woche steht!<\/p>\n\n\n\n<p>Am Dienstag treffen wir uns eine Stunde fr\u00fcher als gewohnt,<br>am Donnerstag f\u00e4llt diese Woche der sp\u00e4te Kurs aus.<\/p>\n\n\n\n<p>Am Samstag endlich wieder regul\u00e4rer Jugendsport!<\/p>\n\n\n\n<p>Sportliche Gr\u00fc\u00dfe,<br>Rebecca<\/p>\n","protected":false},"excerpt":{"rendered":"<p>Der Plan f\u00fcr diese Woche steht! Am Dienstag treffen wir uns eine Stunde fr\u00fcher als gewohnt,am Donnerstag f\u00e4llt diese Woche der sp\u00e4te Kurs aus. Am Samstag endlich wieder regul\u00e4rer Jugendsport! Sportliche Gr\u00fc\u00dfe,Rebecca<\/p>\n","protected":false},"author":1,"featured_media":0,"comment_status":"open","ping_status":"open","sticky":false,"template":"","format":"standard","meta":{"_s2mail":"yes","footnotes":""},"categories":[1],"tags":[],"class_list":["post-3059","post","type-post","status-publish","format-standard","hentry","category-sonstiges"],"_links":{"self":[{"href":"https:\/\/bewegung-in-balance.de\/index.php?rest_route=\/wp\/v2\/posts\/3059","targetHints":{"allow":["GET"]}}],"collection":[{"href":"https:\/\/bewegung-in-balance.de\/index.php?rest_route=\/wp\/v2\/posts"}],"about":[{"href":"https:\/\/bewegung-in-balance.de\/index.php?rest_route=\/wp\/v2\/types\/post"}],"author":[{"embeddable":true,"href":"https:\/\/bewegung-in-balance.de\/index.php?rest_route=\/wp\/v2\/users\/1"}],"replies":[{"embeddable":true,"href":"https:\/\/bewegung-in-balance.de\/index.php?rest_route=%2Fwp%2Fv2%2Fcomments&post=3059"}],"version-history":[{"count":1,"href":"https:\/\/bewegung-in-balance.de\/index.php?rest_route=\/wp\/v2\/posts\/3059\/revisions"}],"predecessor-version":[{"id":3060,"href":"https:\/\/bewegung-in-balance.de\/index.php?rest_route=\/wp\/v2\/posts\/3059\/revisions\/3060"}],"wp:attachment":[{"href":"https:\/\/bewegung-in-balance.de\/index.php?rest_route=%2Fwp%2Fv2%2Fmedia&parent=3059"}],"wp:term":[{"taxonomy":"category","embeddable":true,"href":"https:\/\/bewegung-in-balance.de\/index.php?rest_route=%2Fwp%2Fv2%2Fcategories&post=3059"},{"taxonomy":"post_tag","embeddable":true,"href":"https:\/\/bewegung-in-balance.de\/index.php?rest_route=%2Fwp%2Fv2%2Ftags&post=3059"}],"curies":[{"name":"wp","href":"https:\/\/api.w.org\/{rel}","templated":true}]}}