{"id":302,"date":"2018-08-27T05:46:48","date_gmt":"2018-08-27T05:46:48","guid":{"rendered":"http:\/\/bewegung-in-balance.de\/?p=302"},"modified":"2018-08-27T05:59:17","modified_gmt":"2018-08-27T05:59:17","slug":"vertretung-fuer-dienstag","status":"publish","type":"post","link":"https:\/\/bewegung-in-balance.de\/?p=302","title":{"rendered":"Vertretung f\u00fcr Dienstag?"},"content":{"rendered":"<p>Meine Lieben,<\/p>\n<p>morgen, am Dienstag, den 28.8., wird meine kleine Tochter 10 Jahre alt!<br \/>\nDa bleibe ich zu Hause \ud83d\ude42<br \/>\nM\u00f6chte jemand vertreten?<br \/>\nIch gehe davon aus, da\u00df Olaf zu allen drei Kursen da sein wird. \u00dcbernehmen darf, wer immer sich danach f\u00fchlt.<\/p>\n<p>Am Samstag findet dann \u00fcbrigens der Kindergeburtstag bei uns zu Hause statt. Ich wei\u00df noch nicht, ob ich dann zum Sport komme. Dazu werde ich mich nochmals melden. Je nachdem, wie die Vorbereitungen laufen. Eigentlich w\u00e4re ja mal wieder Coreboard dran.<\/p>\n<p>Sportliche Gr\u00fc\u00dfe,<br \/>\nRebecca<\/p>\n","protected":false},"excerpt":{"rendered":"<p>Meine Lieben, morgen, am Dienstag, den 28.8., wird meine kleine Tochter 10 Jahre alt! Da bleibe ich zu Hause \ud83d\ude42 M\u00f6chte jemand vertreten? Ich gehe davon aus, da\u00df Olaf zu allen drei Kursen da sein wird. \u00dcbernehmen darf, wer immer sich danach f\u00fchlt. Am Samstag findet dann \u00fcbrigens der Kindergeburtstag bei uns zu Hause statt. &hellip; <a href=\"https:\/\/bewegung-in-balance.de\/?p=302\" class=\"more-link\"><span class=\"screen-reader-text\">\u201eVertretung f\u00fcr Dienstag?\u201c <\/span>weiterlesen<\/a><\/p>\n","protected":false},"author":1,"featured_media":0,"comment_status":"open","ping_status":"open","sticky":false,"template":"","format":"standard","meta":{"_s2mail":"yes","footnotes":""},"categories":[1],"tags":[],"class_list":["post-302","post","type-post","status-publish","format-standard","hentry","category-sonstiges"],"_links":{"self":[{"href":"https:\/\/bewegung-in-balance.de\/index.php?rest_route=\/wp\/v2\/posts\/302","targetHints":{"allow":["GET"]}}],"collection":[{"href":"https:\/\/bewegung-in-balance.de\/index.php?rest_route=\/wp\/v2\/posts"}],"about":[{"href":"https:\/\/bewegung-in-balance.de\/index.php?rest_route=\/wp\/v2\/types\/post"}],"author":[{"embeddable":true,"href":"https:\/\/bewegung-in-balance.de\/index.php?rest_route=\/wp\/v2\/users\/1"}],"replies":[{"embeddable":true,"href":"https:\/\/bewegung-in-balance.de\/index.php?rest_route=%2Fwp%2Fv2%2Fcomments&post=302"}],"version-history":[{"count":2,"href":"https:\/\/bewegung-in-balance.de\/index.php?rest_route=\/wp\/v2\/posts\/302\/revisions"}],"predecessor-version":[{"id":304,"href":"https:\/\/bewegung-in-balance.de\/index.php?rest_route=\/wp\/v2\/posts\/302\/revisions\/304"}],"wp:attachment":[{"href":"https:\/\/bewegung-in-balance.de\/index.php?rest_route=%2Fwp%2Fv2%2Fmedia&parent=302"}],"wp:term":[{"taxonomy":"category","embeddable":true,"href":"https:\/\/bewegung-in-balance.de\/index.php?rest_route=%2Fwp%2Fv2%2Fcategories&post=302"},{"taxonomy":"post_tag","embeddable":true,"href":"https:\/\/bewegung-in-balance.de\/index.php?rest_route=%2Fwp%2Fv2%2Ftags&post=302"}],"curies":[{"name":"wp","href":"https:\/\/api.w.org\/{rel}","templated":true}]}}