{"id":291,"date":"2018-08-20T05:22:25","date_gmt":"2018-08-20T05:22:25","guid":{"rendered":"http:\/\/bewegung-in-balance.de\/?p=291"},"modified":"2018-08-20T05:22:25","modified_gmt":"2018-08-20T05:22:25","slug":"aktueller-wochenplan-2","status":"publish","type":"post","link":"https:\/\/bewegung-in-balance.de\/?p=291","title":{"rendered":"Aktueller Wochenplan"},"content":{"rendered":"<p>Guten Morgen liebe Sportsfreunde!<\/p>\n<p>Noch immer ist Sommer, man merkt es auch im Kursbetrieb, aber so langsam h\u00e4lt der Alltag wieder Einzug. Heute geht auch wieder die Schule los in Berlin.<\/p>\n<p>In dieser Woche steht bei uns im Hause auch wieder einmal eine Dienstreise an, ich werde Mittwoch und Donnerstag nicht im Verein sein. M\u00f6chte irgendjemand \u00fcbernehmen? Olaf habe ich mal f\u00fcr Donnerstag eingetragen, bitte Bescheid sagen, wenn&#8217;s nicht klappt!<\/p>\n<p>Jenny ist im Urlaub und deshalb heute kein Body Workout.<\/p>\n<p>Alles was anliegt steht im aktuellen <a href=\"https:\/\/bewegung-in-balance.de\/?page_id=20\">Vertretungsplan<\/a>.<\/p>\n<p>Ich w\u00fcnsche Euch eine gute Woche,<br \/>\nsportliche Gr\u00fc\u00dfe,<br \/>\nRebecca<\/p>\n","protected":false},"excerpt":{"rendered":"<p>Guten Morgen liebe Sportsfreunde! Noch immer ist Sommer, man merkt es auch im Kursbetrieb, aber so langsam h\u00e4lt der Alltag wieder Einzug. Heute geht auch wieder die Schule los in Berlin. In dieser Woche steht bei uns im Hause auch wieder einmal eine Dienstreise an, ich werde Mittwoch und Donnerstag nicht im Verein sein. M\u00f6chte &hellip; <a href=\"https:\/\/bewegung-in-balance.de\/?p=291\" class=\"more-link\"><span class=\"screen-reader-text\">\u201eAktueller Wochenplan\u201c <\/span>weiterlesen<\/a><\/p>\n","protected":false},"author":1,"featured_media":0,"comment_status":"open","ping_status":"open","sticky":false,"template":"","format":"standard","meta":{"_s2mail":"yes","footnotes":""},"categories":[1],"tags":[],"class_list":["post-291","post","type-post","status-publish","format-standard","hentry","category-sonstiges"],"_links":{"self":[{"href":"https:\/\/bewegung-in-balance.de\/index.php?rest_route=\/wp\/v2\/posts\/291","targetHints":{"allow":["GET"]}}],"collection":[{"href":"https:\/\/bewegung-in-balance.de\/index.php?rest_route=\/wp\/v2\/posts"}],"about":[{"href":"https:\/\/bewegung-in-balance.de\/index.php?rest_route=\/wp\/v2\/types\/post"}],"author":[{"embeddable":true,"href":"https:\/\/bewegung-in-balance.de\/index.php?rest_route=\/wp\/v2\/users\/1"}],"replies":[{"embeddable":true,"href":"https:\/\/bewegung-in-balance.de\/index.php?rest_route=%2Fwp%2Fv2%2Fcomments&post=291"}],"version-history":[{"count":1,"href":"https:\/\/bewegung-in-balance.de\/index.php?rest_route=\/wp\/v2\/posts\/291\/revisions"}],"predecessor-version":[{"id":292,"href":"https:\/\/bewegung-in-balance.de\/index.php?rest_route=\/wp\/v2\/posts\/291\/revisions\/292"}],"wp:attachment":[{"href":"https:\/\/bewegung-in-balance.de\/index.php?rest_route=%2Fwp%2Fv2%2Fmedia&parent=291"}],"wp:term":[{"taxonomy":"category","embeddable":true,"href":"https:\/\/bewegung-in-balance.de\/index.php?rest_route=%2Fwp%2Fv2%2Fcategories&post=291"},{"taxonomy":"post_tag","embeddable":true,"href":"https:\/\/bewegung-in-balance.de\/index.php?rest_route=%2Fwp%2Fv2%2Ftags&post=291"}],"curies":[{"name":"wp","href":"https:\/\/api.w.org\/{rel}","templated":true}]}}