{"id":276,"date":"2018-08-13T06:59:24","date_gmt":"2018-08-13T06:59:24","guid":{"rendered":"http:\/\/bewegung-in-balance.de\/?p=276"},"modified":"2018-08-13T08:12:26","modified_gmt":"2018-08-13T08:12:26","slug":"heute-gehts-ans-aufraeumen","status":"publish","type":"post","link":"https:\/\/bewegung-in-balance.de\/?p=276","title":{"rendered":"Heute geht&#8217;s ans Aufr\u00e4umen &#8230;"},"content":{"rendered":"<p>&#8230; Post-Urlaubs-Stress &#8230;<\/p>\n<p>Gestern Abend ging&#8217;s dann nach ellenlangem Stau auf allen Berliner Zufahrten wider Erwarten doch noch nach Hause.<br \/>\nHeute muss ger\u00e4umt werden und deshalb werde ich heute auch noch zu Hause bleiben.<\/p>\n<p><strong>Ab morgen wieder Sport mit mir zu den normalen Kurszeiten.<\/strong><br \/>\n<strong>M\u00f6chte heute Abend vielleicht noch jemand etwas \u00fcbernehmen?<\/strong><\/p>\n<p><img loading=\"lazy\" decoding=\"async\" class=\"aligncenter wp-image-270 size-large\" src=\"http:\/\/bewegung-in-balance.de\/wp-content\/uploads\/2018\/08\/IMG_20180813_081232156-1024x576.jpg\" alt=\"Gep\u00e4ck\" width=\"840\" height=\"473\" srcset=\"https:\/\/bewegung-in-balance.de\/wp-content\/uploads\/2018\/08\/IMG_20180813_081232156-1024x576.jpg 1024w, https:\/\/bewegung-in-balance.de\/wp-content\/uploads\/2018\/08\/IMG_20180813_081232156-300x169.jpg 300w, https:\/\/bewegung-in-balance.de\/wp-content\/uploads\/2018\/08\/IMG_20180813_081232156-768x432.jpg 768w, https:\/\/bewegung-in-balance.de\/wp-content\/uploads\/2018\/08\/IMG_20180813_081232156-1200x675.jpg 1200w\" sizes=\"auto, (max-width: 709px) 85vw, (max-width: 909px) 67vw, (max-width: 1362px) 62vw, 840px\" \/><\/p>\n<p>Erstmal aufr\u00e4umen, dann W\u00e4chsche waschen &#8230; trocknen sollte kein Problem sein.<\/p>\n<p><img loading=\"lazy\" decoding=\"async\" class=\"aligncenter size-large wp-image-281\" src=\"http:\/\/bewegung-in-balance.de\/wp-content\/uploads\/2018\/08\/IMG_20180813_081403427-1-576x1024.jpg\" alt=\"Gew\u00e4chshaus\" width=\"576\" height=\"1024\" srcset=\"https:\/\/bewegung-in-balance.de\/wp-content\/uploads\/2018\/08\/IMG_20180813_081403427-1-576x1024.jpg 576w, https:\/\/bewegung-in-balance.de\/wp-content\/uploads\/2018\/08\/IMG_20180813_081403427-1-169x300.jpg 169w, https:\/\/bewegung-in-balance.de\/wp-content\/uploads\/2018\/08\/IMG_20180813_081403427-1-768x1365.jpg 768w, https:\/\/bewegung-in-balance.de\/wp-content\/uploads\/2018\/08\/IMG_20180813_081403427-1-1200x2133.jpg 1200w\" sizes=\"auto, (max-width: 576px) 85vw, 576px\" \/><\/p>\n<p>Dann den Weg ins Gew\u00e4chshaus mit der Machete frei schlagen &#8230;<\/p>\n<p><img loading=\"lazy\" decoding=\"async\" class=\"aligncenter size-large wp-image-271\" src=\"http:\/\/bewegung-in-balance.de\/wp-content\/uploads\/2018\/08\/IMG_20180813_081421568-1024x576.jpg\" alt=\"Gew\u00e4chshaus\" width=\"840\" height=\"473\" srcset=\"https:\/\/bewegung-in-balance.de\/wp-content\/uploads\/2018\/08\/IMG_20180813_081421568-1024x576.jpg 1024w, https:\/\/bewegung-in-balance.de\/wp-content\/uploads\/2018\/08\/IMG_20180813_081421568-300x169.jpg 300w, https:\/\/bewegung-in-balance.de\/wp-content\/uploads\/2018\/08\/IMG_20180813_081421568-768x432.jpg 768w, https:\/\/bewegung-in-balance.de\/wp-content\/uploads\/2018\/08\/IMG_20180813_081421568-1200x675.jpg 1200w\" sizes=\"auto, (max-width: 709px) 85vw, (max-width: 909px) 67vw, (max-width: 1362px) 62vw, 840px\" \/><\/p>\n<p>&#8230; trotz Trockenheit ist alles ungeheuer gewachsen.<br \/>\nDanke liebe Helferlein \ud83d\ude42<\/p>\n<p><img loading=\"lazy\" decoding=\"async\" class=\"aligncenter size-large wp-image-272\" src=\"http:\/\/bewegung-in-balance.de\/wp-content\/uploads\/2018\/08\/IMG_20180813_081443171-576x1024.jpg\" alt=\"Wein\" width=\"576\" height=\"1024\" srcset=\"https:\/\/bewegung-in-balance.de\/wp-content\/uploads\/2018\/08\/IMG_20180813_081443171-576x1024.jpg 576w, https:\/\/bewegung-in-balance.de\/wp-content\/uploads\/2018\/08\/IMG_20180813_081443171-169x300.jpg 169w, https:\/\/bewegung-in-balance.de\/wp-content\/uploads\/2018\/08\/IMG_20180813_081443171-768x1365.jpg 768w, https:\/\/bewegung-in-balance.de\/wp-content\/uploads\/2018\/08\/IMG_20180813_081443171-1200x2133.jpg 1200w\" sizes=\"auto, (max-width: 576px) 85vw, 576px\" \/><\/p>\n<p>Der Wein muss erst gegessen und dann geb\u00e4ndigt werden.<\/p>\n<p><img loading=\"lazy\" decoding=\"async\" class=\"aligncenter size-large wp-image-273\" src=\"http:\/\/bewegung-in-balance.de\/wp-content\/uploads\/2018\/08\/IMG_20180813_081558355-576x1024.jpg\" alt=\"Apfelbaum\" width=\"576\" height=\"1024\" srcset=\"https:\/\/bewegung-in-balance.de\/wp-content\/uploads\/2018\/08\/IMG_20180813_081558355-576x1024.jpg 576w, https:\/\/bewegung-in-balance.de\/wp-content\/uploads\/2018\/08\/IMG_20180813_081558355-169x300.jpg 169w, https:\/\/bewegung-in-balance.de\/wp-content\/uploads\/2018\/08\/IMG_20180813_081558355-768x1365.jpg 768w, https:\/\/bewegung-in-balance.de\/wp-content\/uploads\/2018\/08\/IMG_20180813_081558355-1200x2133.jpg 1200w\" sizes=\"auto, (max-width: 576px) 85vw, 576px\" \/><\/p>\n<p>Und dieses Jahr ist ein Apfeljahr &#8230;<\/p>\n<p><img loading=\"lazy\" decoding=\"async\" class=\"aligncenter size-large wp-image-274\" src=\"http:\/\/bewegung-in-balance.de\/wp-content\/uploads\/2018\/08\/IMG_20180813_081609186-576x1024.jpg\" alt=\"Apfelbaum\" width=\"576\" height=\"1024\" srcset=\"https:\/\/bewegung-in-balance.de\/wp-content\/uploads\/2018\/08\/IMG_20180813_081609186-576x1024.jpg 576w, https:\/\/bewegung-in-balance.de\/wp-content\/uploads\/2018\/08\/IMG_20180813_081609186-169x300.jpg 169w, https:\/\/bewegung-in-balance.de\/wp-content\/uploads\/2018\/08\/IMG_20180813_081609186-768x1365.jpg 768w, https:\/\/bewegung-in-balance.de\/wp-content\/uploads\/2018\/08\/IMG_20180813_081609186-1200x2133.jpg 1200w\" sizes=\"auto, (max-width: 576px) 85vw, 576px\" \/><\/p>\n<p>Die \u00c4pfel wachsen nicht nur in den Himmel sondern auch auf die Erde \ud83d\ude42<br \/>\nHeute erstmal aufsammeln und sortieren: Kompost oder Kompott.<\/p>\n<p><img loading=\"lazy\" decoding=\"async\" class=\"aligncenter size-large wp-image-275\" src=\"http:\/\/bewegung-in-balance.de\/wp-content\/uploads\/2018\/08\/IMG_20180813_081645045-576x1024.jpg\" alt=\"Elsbeere\" width=\"576\" height=\"1024\" srcset=\"https:\/\/bewegung-in-balance.de\/wp-content\/uploads\/2018\/08\/IMG_20180813_081645045-576x1024.jpg 576w, https:\/\/bewegung-in-balance.de\/wp-content\/uploads\/2018\/08\/IMG_20180813_081645045-169x300.jpg 169w, https:\/\/bewegung-in-balance.de\/wp-content\/uploads\/2018\/08\/IMG_20180813_081645045-768x1365.jpg 768w, https:\/\/bewegung-in-balance.de\/wp-content\/uploads\/2018\/08\/IMG_20180813_081645045-1200x2133.jpg 1200w\" sizes=\"auto, (max-width: 576px) 85vw, 576px\" \/><\/p>\n<p>Und f\u00fcr Insider: auch die heimlich neu gepflanzten B\u00e4ume haben&#8217;s \u00fcberlebt \ud83d\ude42<\/p>\n<p>Ihr seht, ich habe heute noch viel zu tun!<\/p>\n<p>Sportliche Gr\u00fc\u00dfe,<br \/>\nbis morgen,<br \/>\nRebecca<\/p>\n","protected":false},"excerpt":{"rendered":"<p>&#8230; Post-Urlaubs-Stress &#8230; Gestern Abend ging&#8217;s dann nach ellenlangem Stau auf allen Berliner Zufahrten wider Erwarten doch noch nach Hause. Heute muss ger\u00e4umt werden und deshalb werde ich heute auch noch zu Hause bleiben. Ab morgen wieder Sport mit mir zu den normalen Kurszeiten. M\u00f6chte heute Abend vielleicht noch jemand etwas \u00fcbernehmen? Erstmal aufr\u00e4umen, dann &hellip; <a href=\"https:\/\/bewegung-in-balance.de\/?p=276\" class=\"more-link\"><span class=\"screen-reader-text\">\u201eHeute geht&#8217;s ans Aufr\u00e4umen &#8230;\u201c <\/span>weiterlesen<\/a><\/p>\n","protected":false},"author":1,"featured_media":0,"comment_status":"open","ping_status":"open","sticky":false,"template":"","format":"standard","meta":{"_s2mail":"yes","footnotes":""},"categories":[1],"tags":[],"class_list":["post-276","post","type-post","status-publish","format-standard","hentry","category-sonstiges"],"_links":{"self":[{"href":"https:\/\/bewegung-in-balance.de\/index.php?rest_route=\/wp\/v2\/posts\/276","targetHints":{"allow":["GET"]}}],"collection":[{"href":"https:\/\/bewegung-in-balance.de\/index.php?rest_route=\/wp\/v2\/posts"}],"about":[{"href":"https:\/\/bewegung-in-balance.de\/index.php?rest_route=\/wp\/v2\/types\/post"}],"author":[{"embeddable":true,"href":"https:\/\/bewegung-in-balance.de\/index.php?rest_route=\/wp\/v2\/users\/1"}],"replies":[{"embeddable":true,"href":"https:\/\/bewegung-in-balance.de\/index.php?rest_route=%2Fwp%2Fv2%2Fcomments&post=276"}],"version-history":[{"count":4,"href":"https:\/\/bewegung-in-balance.de\/index.php?rest_route=\/wp\/v2\/posts\/276\/revisions"}],"predecessor-version":[{"id":285,"href":"https:\/\/bewegung-in-balance.de\/index.php?rest_route=\/wp\/v2\/posts\/276\/revisions\/285"}],"wp:attachment":[{"href":"https:\/\/bewegung-in-balance.de\/index.php?rest_route=%2Fwp%2Fv2%2Fmedia&parent=276"}],"wp:term":[{"taxonomy":"category","embeddable":true,"href":"https:\/\/bewegung-in-balance.de\/index.php?rest_route=%2Fwp%2Fv2%2Fcategories&post=276"},{"taxonomy":"post_tag","embeddable":true,"href":"https:\/\/bewegung-in-balance.de\/index.php?rest_route=%2Fwp%2Fv2%2Ftags&post=276"}],"curies":[{"name":"wp","href":"https:\/\/api.w.org\/{rel}","templated":true}]}}